{"id":220,"date":"2025-03-31T10:57:04","date_gmt":"2025-03-31T10:57:04","guid":{"rendered":"https:\/\/noticiasdeesposende.pt\/?p=220"},"modified":"2026-08-25T15:48:31","modified_gmt":"2026-08-25T15:48:31","slug":"mundial-turismo-reforca-servico-lisboa-porto-da-rede-expresso","status":"publish","type":"post","link":"https:\/\/noticiasdeesposende.pt\/?p=220","title":{"rendered":"Mundial Turismo refor\u00e7a servi\u00e7o Lisboa-Porto da Rede Expresso"},"content":{"rendered":"\n<p class=\"wp-block-paragraph\">A partir de 1 de abril, a Rede Expressos converte cinco liga\u00e7\u00f5es a servi\u00e7o prime da Mundial Turismo, com snack inclu\u00eddo, Wi-Fi 5G, entretenimento a bordo e assentos que mais parecem poltronas.<\/p>\n\n\n\n<p class=\"wp-block-paragraph\">O interior ser\u00e1 ainda mais diferenciado, com assentos duplos e individuais, pensados para passageiros que exigem o m\u00e1ximo de privacidade, al\u00e9m de fichas e tomadas USB, permitindo aproveitar a viagem sem interrup\u00e7\u00f5es. A decora\u00e7\u00e3o exterior dos autocarros difere da habitual usada pela Mundial Turismo, com o azul como cor dominante, complementada com o laranja com a sigla MT.<\/p>\n\n\n\n<p class=\"wp-block-paragraph\">Este servi\u00e7o vai ao encontro de passageiros que, por motivos profissionais ou pessoais, procuram um n\u00edvel superior de conforto e experi\u00eancia, associado \u00e0 imagem de qualidade e excel\u00eancia da Mundial Turismo.<\/p>\n\n\n\n<p class=\"wp-block-paragraph\">Em Lisboa (Sete Rios), as partidas come\u00e7am \u00e0s 05:15, com outras sa\u00eddas \u00e0s 11:00, 15:30, 16:00 e 21:30. No Porto (Campanh\u00e3), os hor\u00e1rios para Lisboa s\u00e3o \u00e0s 10:15, 10:30, 15:30, 16:00 e 20:30. O servi\u00e7o \u00e9 direto e di\u00e1rio, sem paragens entre Lisboa e Porto, proporcionando uma viagem r\u00e1pida de aproximadamente 3h15m.<\/p>\n\n\n\n<p class=\"wp-block-paragraph\">A oferta j\u00e1 est\u00e1 dispon\u00edvel em&nbsp;<a href=\"http:\/\/rede-expressos.pt\/\" target=\"_blank\" rel=\"noreferrer noopener\">rede-expressos.pt<\/a>&nbsp;ou na app Rede Expressos, com bilhetes para o servi\u00e7o prime a partir de 10\u20ac.<\/p>\n\n\n\n<p class=\"wp-block-paragraph\">&#8220;\u00c9 imperativo responder \u00e0 procura por servi\u00e7os que correspondam n\u00e3o s\u00f3 \u00e0s necessidades, mas tamb\u00e9m \u00e0s expectativas atuais dos passageiros, especialmente num mercado cada vez mais competitivo. A experi\u00eancia diferenciada em Portugal surge como resposta a um p\u00fablico cada vez mais exigente, que procura mais do que simples desloca\u00e7\u00f5es a pre\u00e7os baixos. Para competir com os elevados padr\u00f5es de qualidade oferecidos por outros servi\u00e7os de transporte de passageiros, \u00e9 essencial que as empresas do setor rodovi\u00e1rio ofere\u00e7am uma combina\u00e7\u00e3o de fatores, como conforto, inova\u00e7\u00e3o, conectividade e uma experi\u00eancia de viagem superior, adaptada \u00e0s exig\u00eancias de um p\u00fablico profissional e n\u00f3mada.\u201d disse Celso Silva, diretor de marketing da Rede Expressos.<\/p>\n","protected":false},"excerpt":{"rendered":"<p>A partir de 1 de abril, a Rede Expressos converte cinco liga\u00e7\u00f5es a servi\u00e7o prime da Mundial Turismo, com snack inclu\u00eddo, Wi-Fi 5G, entretenimento a bordo e assentos que mais parecem poltronas. O interior ser\u00e1 ainda mais diferenciado, com assentos duplos e individuais, pensados para passageiros que exigem o m\u00e1ximo de privacidade, al\u00e9m de fichas [&hellip;]<\/p>\n","protected":false},"author":3,"featured_media":222,"comment_status":"open","ping_status":"open","sticky":false,"template":"","format":"standard","meta":{"footnotes":"","jetpack_publicize_message":"","jetpack_publicize_feature_enabled":true,"jetpack_social_post_already_shared":false,"jetpack_social_options":{"image_generator_settings":{"template":"highway","default_image_id":0,"font":"","enabled":false},"version":2}},"categories":[134],"tags":[],"class_list":["post-220","post","type-post","status-publish","format-standard","has-post-thumbnail","category-arquivo"],"jetpack_publicize_connections":[],"_links":{"self":[{"href":"https:\/\/noticiasdeesposende.pt\/index.php?rest_route=\/wp\/v2\/posts\/220","targetHints":{"allow":["GET"]}}],"collection":[{"href":"https:\/\/noticiasdeesposende.pt\/index.php?rest_route=\/wp\/v2\/posts"}],"about":[{"href":"https:\/\/noticiasdeesposende.pt\/index.php?rest_route=\/wp\/v2\/types\/post"}],"author":[{"embeddable":true,"href":"https:\/\/noticiasdeesposende.pt\/index.php?rest_route=\/wp\/v2\/users\/3"}],"replies":[{"embeddable":true,"href":"https:\/\/noticiasdeesposende.pt\/index.php?rest_route=%2Fwp%2Fv2%2Fcomments&post=220"}],"version-history":[{"count":1,"href":"https:\/\/noticiasdeesposende.pt\/index.php?rest_route=\/wp\/v2\/posts\/220\/revisions"}],"predecessor-version":[{"id":753,"href":"https:\/\/noticiasdeesposende.pt\/index.php?rest_route=\/wp\/v2\/posts\/220\/revisions\/753"}],"wp:featuredmedia":[{"embeddable":true,"href":"https:\/\/noticiasdeesposende.pt\/index.php?rest_route=\/"}],"wp:attachment":[{"href":"https:\/\/noticiasdeesposende.pt\/index.php?rest_route=%2Fwp%2Fv2%2Fmedia&parent=220"}],"wp:term":[{"taxonomy":"category","embeddable":true,"href":"https:\/\/noticiasdeesposende.pt\/index.php?rest_route=%2Fwp%2Fv2%2Fcategories&post=220"},{"taxonomy":"post_tag","embeddable":true,"href":"https:\/\/noticiasdeesposende.pt\/index.php?rest_route=%2Fwp%2Fv2%2Ftags&post=220"}],"curies":[{"name":"wp","href":"https:\/\/api.w.org\/{rel}","templated":true}]}}