{"id":325,"date":"2025-04-01T11:25:57","date_gmt":"2025-04-01T11:25:57","guid":{"rendered":"https:\/\/noticiasdeesposende.pt\/?p=227"},"modified":"2026-08-25T15:48:31","modified_gmt":"2026-08-25T15:48:31","slug":"abertas-inscricoes-para-vendedores-na-galaicofolia-2025","status":"publish","type":"post","link":"https:\/\/noticiasdeesposende.pt\/?p=325","title":{"rendered":"Abertas inscri\u00e7\u00f5es para vendedores na Galaicofolia 2025"},"content":{"rendered":"\n<p class=\"wp-block-paragraph\">Decorre at\u00e9 ao pr\u00f3ximo dia 2 de maio, o prazo de inscri\u00e7\u00e3o para os vendedores interessados em participar na pr\u00f3xima edi\u00e7\u00e3o da \u201cGalaicofolia &#8211; 2000 anos de festa!\u201d que decorre entre 17 e 20 de julho, no Castro de S. Louren\u00e7o, em Vila Ch\u00e3. As inscri\u00e7\u00f5es s\u00e3o destinadas aos artes\u00e3os, mercadores e m\u00edsticos que queiram ocupar espa\u00e7o no Mercado Romano, \u00e1rea de produtos artesanais e no Espa\u00e7o Zythos, dedicado \u00e0 enogastronomia.<\/p>\n\n\n\n<p class=\"wp-block-paragraph\">Organizado pelo Munic\u00edpio de Esposende, em parceria com a Junta de Freguesia de Vila Ch\u00e3, o evento cultural, de lazer e entretenimento, promovido pelo Munic\u00edpio de Esposende, com o objetivo de afirmar e divulgar o patrim\u00f3nio local, nomeadamente o arqueol\u00f3gico. Anima\u00e7\u00e3o, m\u00fasica, gastronomia de \u00e9poca, mercado romano, espa\u00e7o \u2018zythos\u2019, ambi\u00eancias e recria\u00e7\u00f5es hist\u00f3ricas s\u00e3o algumas das \u00e1reas que pretendem recriar o quotidiano do povo castrejo que aqui viveu h\u00e1 mais de 2.000 anos.<\/p>\n\n\n\n<p class=\"wp-block-paragraph\">A Galaicofolia constitui um momento de divulga\u00e7\u00e3o do patrim\u00f3nio de&nbsp;Esposende, nomeadamente o arqueol\u00f3gico. Assim, o Mercado Romano e o Espa\u00e7o Zythos\/Enogastronomia pretendem fazer a recria\u00e7\u00e3o hist\u00f3rica do Castro de S. Louren\u00e7o, no per\u00edodo pr\u00e9-romano e romano e consequentes influ\u00eancias culturais, pelo que os vendedores ter\u00e3o de obedecer ao cumprimento de um conjunto de requisitos, de acordo com o regulamento. que pode ser consultado em&nbsp;<a href=\"http:\/\/www.galaicofolia.com\/\" target=\"_blank\" rel=\"noreferrer noopener\">www.galaicofolia.com<\/a>&nbsp;onde est\u00e3o dispon\u00edveis, tamb\u00e9m, as fichas de inscri\u00e7\u00e3o.<\/p>\n\n\n\n<p class=\"wp-block-paragraph\">Podem participar no Mercado Romano e Espa\u00e7o Zythos da Galaicofolia artes\u00e3os, mercadores e m\u00edsticos que cumpram os objetivos espec\u00edficos deste evento. A participa\u00e7\u00e3o no evento s\u00f3 \u00e9 permitida a quem tenha, dentro dos prazos estipulados, submetido a candidatura com todos os documentos instrut\u00f3rios.<\/p>\n","protected":false},"excerpt":{"rendered":"<p>Decorre at\u00e9 ao pr\u00f3ximo dia 2 de maio, o prazo de inscri\u00e7\u00e3o para os vendedores interessados em participar na pr\u00f3xima edi\u00e7\u00e3o da \u201cGalaicofolia &#8211; 2000 anos de festa!\u201d que decorre entre 17 e 20 de julho, no Castro de S. Louren\u00e7o, em Vila Ch\u00e3. As inscri\u00e7\u00f5es s\u00e3o destinadas aos artes\u00e3os, mercadores e m\u00edsticos que queiram [&hellip;]<\/p>\n","protected":false},"author":3,"featured_media":228,"comment_status":"open","ping_status":"open","sticky":false,"template":"","format":"standard","meta":{"footnotes":"","jetpack_publicize_message":"","jetpack_publicize_feature_enabled":true,"jetpack_social_post_already_shared":false,"jetpack_social_options":{"image_generator_settings":{"template":"highway","default_image_id":0,"font":"","enabled":false},"version":2}},"categories":[134],"tags":[58],"class_list":["post-325","post","type-post","status-publish","format-standard","has-post-thumbnail","category-arquivo","tag-galaicofolia"],"jetpack_publicize_connections":[],"_links":{"self":[{"href":"https:\/\/noticiasdeesposende.pt\/index.php?rest_route=\/wp\/v2\/posts\/325","targetHints":{"allow":["GET"]}}],"collection":[{"href":"https:\/\/noticiasdeesposende.pt\/index.php?rest_route=\/wp\/v2\/posts"}],"about":[{"href":"https:\/\/noticiasdeesposende.pt\/index.php?rest_route=\/wp\/v2\/types\/post"}],"author":[{"embeddable":true,"href":"https:\/\/noticiasdeesposende.pt\/index.php?rest_route=\/wp\/v2\/users\/3"}],"replies":[{"embeddable":true,"href":"https:\/\/noticiasdeesposende.pt\/index.php?rest_route=%2Fwp%2Fv2%2Fcomments&post=325"}],"version-history":[{"count":1,"href":"https:\/\/noticiasdeesposende.pt\/index.php?rest_route=\/wp\/v2\/posts\/325\/revisions"}],"predecessor-version":[{"id":752,"href":"https:\/\/noticiasdeesposende.pt\/index.php?rest_route=\/wp\/v2\/posts\/325\/revisions\/752"}],"wp:attachment":[{"href":"https:\/\/noticiasdeesposende.pt\/index.php?rest_route=%2Fwp%2Fv2%2Fmedia&parent=325"}],"wp:term":[{"taxonomy":"category","embeddable":true,"href":"https:\/\/noticiasdeesposende.pt\/index.php?rest_route=%2Fwp%2Fv2%2Fcategories&post=325"},{"taxonomy":"post_tag","embeddable":true,"href":"https:\/\/noticiasdeesposende.pt\/index.php?rest_route=%2Fwp%2Fv2%2Ftags&post=325"}],"curies":[{"name":"wp","href":"https:\/\/api.w.org\/{rel}","templated":true}]}}