{"id":326,"date":"2025-04-01T11:31:58","date_gmt":"2025-04-01T11:31:58","guid":{"rendered":"https:\/\/noticiasdeesposende.pt\/?p=230"},"modified":"2026-08-25T15:48:31","modified_gmt":"2026-08-25T15:48:31","slug":"reciclagem-cresceu-4-em-2024","status":"publish","type":"post","link":"https:\/\/noticiasdeesposende.pt\/?p=326","title":{"rendered":"Reciclagem cresceu 4% em 2024"},"content":{"rendered":"\n<p class=\"wp-block-paragraph\"><strong>Aumenta a reciclagem e a participa\u00e7\u00e3o dos cidad\u00e3os<\/strong><\/p>\n\n\n\n<p class=\"wp-block-paragraph\">A Resulima, respons\u00e1vel pelo tratamento e valoriza\u00e7\u00e3o de res\u00edduos urbanos nos seis munic\u00edpios do Vale do Lima e Baixo C\u00e1vado, registou um crescimento de 4% na recolha seletiva de embalagens em 2024, face a 2023. Este aumento reflete o cont\u00ednuo investimento na melhoria da capacidade de recolha seletiva e a crescente ades\u00e3o da popula\u00e7\u00e3o.<\/p>\n\n\n\n<p class=\"wp-block-paragraph\">Entre os materiais recolhidos, o papel e cart\u00e3o registaram um aumento de 2%, o pl\u00e1stico e metal de 10%, e o vidro de 3%. Estes resultados devem-se \u00e0 expans\u00e3o e otimiza\u00e7\u00e3o dos ecopontos, ecolugares e recolha porta-a-porta junto do com\u00e9rcio e servi\u00e7os, bem como \u00e0 melhoria das rotas de recolha.<\/p>\n\n\n\n<p class=\"wp-block-paragraph\">A participa\u00e7\u00e3o ativa dos cidad\u00e3os, aliada ao investimento cont\u00ednuo em viaturas, contentores, equipamentos e a\u00e7\u00f5es de educa\u00e7\u00e3o ambiental, tem permitido \u00e0 Resulima encaminhar cada vez mais res\u00edduos para reciclagem. Nos munic\u00edpios de Arcos de Valdevez, Barcelos, Esposende, Ponte da Barca, Ponte de Lima e Viana do Castelo, foi refor\u00e7ada a contentoriza\u00e7\u00e3o e os recursos humanos dedicados \u00e0 recolha seletiva.<\/p>\n\n\n\n<p class=\"wp-block-paragraph\">O aumento da recolha seletiva e, consequentemente, da reciclagem, \u00e9 o resultado do esfor\u00e7o conjunto da Resulima, dos munic\u00edpios e dos cidad\u00e3os. A todos, deixamos um agradecimento pelo compromisso com um futuro mais sustent\u00e1vel.<\/p>\n","protected":false},"excerpt":{"rendered":"<p>Aumenta a reciclagem e a participa\u00e7\u00e3o dos cidad\u00e3os A Resulima, respons\u00e1vel pelo tratamento e valoriza\u00e7\u00e3o de res\u00edduos urbanos nos seis munic\u00edpios do Vale do Lima e Baixo C\u00e1vado, registou um crescimento de 4% na recolha seletiva de embalagens em 2024, face a 2023. Este aumento reflete o cont\u00ednuo investimento na melhoria da capacidade de recolha [&hellip;]<\/p>\n","protected":false},"author":3,"featured_media":231,"comment_status":"open","ping_status":"open","sticky":false,"template":"","format":"standard","meta":{"footnotes":"","jetpack_publicize_message":"","jetpack_publicize_feature_enabled":true,"jetpack_social_post_already_shared":false,"jetpack_social_options":{"image_generator_settings":{"template":"highway","default_image_id":0,"font":"","enabled":false},"version":2}},"categories":[134],"tags":[60],"class_list":["post-326","post","type-post","status-publish","format-standard","has-post-thumbnail","category-arquivo","tag-resulima"],"jetpack_publicize_connections":[],"_links":{"self":[{"href":"https:\/\/noticiasdeesposende.pt\/index.php?rest_route=\/wp\/v2\/posts\/326","targetHints":{"allow":["GET"]}}],"collection":[{"href":"https:\/\/noticiasdeesposende.pt\/index.php?rest_route=\/wp\/v2\/posts"}],"about":[{"href":"https:\/\/noticiasdeesposende.pt\/index.php?rest_route=\/wp\/v2\/types\/post"}],"author":[{"embeddable":true,"href":"https:\/\/noticiasdeesposende.pt\/index.php?rest_route=\/wp\/v2\/users\/3"}],"replies":[{"embeddable":true,"href":"https:\/\/noticiasdeesposende.pt\/index.php?rest_route=%2Fwp%2Fv2%2Fcomments&post=326"}],"version-history":[{"count":1,"href":"https:\/\/noticiasdeesposende.pt\/index.php?rest_route=\/wp\/v2\/posts\/326\/revisions"}],"predecessor-version":[{"id":751,"href":"https:\/\/noticiasdeesposende.pt\/index.php?rest_route=\/wp\/v2\/posts\/326\/revisions\/751"}],"wp:attachment":[{"href":"https:\/\/noticiasdeesposende.pt\/index.php?rest_route=%2Fwp%2Fv2%2Fmedia&parent=326"}],"wp:term":[{"taxonomy":"category","embeddable":true,"href":"https:\/\/noticiasdeesposende.pt\/index.php?rest_route=%2Fwp%2Fv2%2Fcategories&post=326"},{"taxonomy":"post_tag","embeddable":true,"href":"https:\/\/noticiasdeesposende.pt\/index.php?rest_route=%2Fwp%2Fv2%2Ftags&post=326"}],"curies":[{"name":"wp","href":"https:\/\/api.w.org\/{rel}","templated":true}]}}