{"id":327,"date":"2025-04-01T11:42:00","date_gmt":"2025-04-01T11:42:00","guid":{"rendered":"https:\/\/noticiasdeesposende.pt\/?p=233"},"modified":"2026-08-25T15:48:31","modified_gmt":"2026-08-25T15:48:31","slug":"barcelos-cinco-dias-de-festa-das-cruzes","status":"publish","type":"post","link":"https:\/\/noticiasdeesposende.pt\/?p=327","title":{"rendered":"Barcelos: Cinco dias de Festa das Cruzes\u00a0"},"content":{"rendered":"\n<p class=\"wp-block-paragraph\"><strong>Al\u00e9m de The Gift, Fernando Daniel, Nininho Vaz Maia e Calema, este ano a novidade s\u00e3o as Mini Cruzes, uma programa\u00e7\u00e3o dedicada aos mais novos<\/strong><\/p>\n\n\n\n<p class=\"wp-block-paragraph\">O programa da Festa das Cruzes volta a ter um cartaz de excel\u00eancia, combinando a f\u00e9 religiosa com a anima\u00e7\u00e3o e a tradi\u00e7\u00e3o.&nbsp;<\/p>\n\n\n\n<p class=\"wp-block-paragraph\">Nos concertos, nomes como The Gift, Fernando Daniel, Nininho Vaz Maia e os Calema, prometem arrastar multid\u00f5es \u00e0 Frente Ribeirinha, com perspetiva id\u00eantica na manifesta\u00e7\u00e3o religiosa \u2013 Prociss\u00e3o da Inven\u00e7\u00e3o da Santa Cruz &#8211; e no dia da Batalha das Flores.&nbsp;<\/p>\n\n\n\n<p class=\"wp-block-paragraph\">Ap\u00f3s a exibi\u00e7\u00e3o do v\u00eddeo promocional das Cruzes 2025, M\u00e1rio Constantino mostrou-se convicto de que \u201cvamos viver uma grande jornada, repleta de iniciativas pensadas para agradar ao mais diversificado conjunto de pessoas, abarcando a f\u00e9 religiosa, as manifesta\u00e7\u00f5es culturais, os programas de anima\u00e7\u00e3o, o conv\u00edvio, os fogos pirot\u00e9cnicos, os concertos, o folclore, o artesanato e a arte popular\u201d.<br>Aproveitando a oportunidade, o edil apresentou alguns dados econ\u00f3micos e tur\u00edsticos de um estudo elaborado pela Escola Superior de Hotelaria e Turismo do IPCA \u2013 Instituto Polit\u00e9cnico do C\u00e1vado e do Ave, cujos n\u00fameros \u201cimpressionam pela sua enorme grandeza\u201d. Relativamente ao ano passado, \u201cnum ano em que as condi\u00e7\u00f5es climat\u00e9ricas nem sequer foram muito favor\u00e1veis\u201d o estudo indica que no per\u00edodo da Festa, cada visitante tenha realizado uma despesa m\u00e9dia de 61 euros, o que significa que&nbsp;o impacto econ\u00f3mico direto na cidade de Barcelos tenha sido entre 22 milh\u00f5es de euros e 67 milh\u00f5es de euros, conforme as estimativas de visitantes: 22 milh\u00f5es de euros, se for considerada a estimativa mais baixa &#8211; 364 mil pessoas; 67 milh\u00f5es de euros, se for considerada a estimativa de mais de 1 milh\u00e3o de visitantes.<br>M\u00e1rio Constantino Lopes fez ainda quest\u00e3o de sublinhar o facto de esta ser a 1.\u00aa Festa das Cruzes, ap\u00f3s ter sido materializada a sua inscri\u00e7\u00e3o no Invent\u00e1rio Nacional do Patrim\u00f3nio Cultural Imaterial, considerando que essa \u201cdistin\u00e7\u00e3o \u00e9 muito relevante para a Cidade e para o nosso Concelho, pois destaca a import\u00e2ncia de que se reveste a nossa maior Festa, enquanto reflexo da nossa identidade e da sua profundidade hist\u00f3rica e rela\u00e7\u00e3o com a comunidade\u201d.<br>O Presidente fez quest\u00e3o ainda de \u201cagradecer n\u00e3o s\u00f3 \u00e0 equipa que preparou com sucesso essa candidatura, mas tamb\u00e9m aos nossos trabalhadores municipais que, ano ap\u00f3s ano, vestem a camisola das nossas ra\u00edzes e trabalham incansavelmente para que a Festa das Cruzes sejam um sucesso. Sem as equipas operacionais de organiza\u00e7\u00e3o do terrado, de limpeza e higiene e de apoio log\u00edstico, n\u00e3o seria poss\u00edvel realizarmos uma Festa com a grandiosidade que tem a nossa romaria \u2013 a primeira grande romaria minhota\u201d, vincou.&nbsp;<br><\/p>\n\n\n\n<p class=\"wp-block-paragraph\"><strong>Mini Cruzes \u2013 este ano h\u00e1 espet\u00e1culos dedicados \u00e0s crian\u00e7as<\/strong>&nbsp;<\/p>\n\n\n\n<p class=\"wp-block-paragraph\"><br>Uma das grandes novidades das festividades deste ano, \u00e9 a introdu\u00e7\u00e3o no programa das designadas Mini Cruzes que vai proporcionar \u00e0s crian\u00e7as e ao p\u00fablico mais juvenil, dois momentos muito especiais no palco Barcelos: no dia 1 de maio, um espet\u00e1culo de Magia, e no dia 4, um concerto com a Nina Toc Toc.&nbsp;<br><\/p>\n\n\n\n<p class=\"wp-block-paragraph\"><strong>Arraiais com fogos de artif\u00edcio e concertos prometem enchentes e noites memor\u00e1veis<\/strong><\/p>\n\n\n\n<p class=\"wp-block-paragraph\"><br>Os Concertos dos The Gift, Fernando Daniel, Nininho Vaz Maia e Calema e as cinco sess\u00f5es de fogo de artif\u00edcio previstas para as noites da Festa das Cruzes prometem uma enorme aflu\u00eancia de p\u00fablico \u00e0 cidade de Barcelos, concretamente \u00e0 Frente Ribeirinha. No palco Barcelos v\u00e3o atuar Jorge Loureiro e os Sons do Minho. No que respeita \u00e0s sess\u00f5es de pirotecnia est\u00e3o previstos: Fogo de Romaria; Fogo Piromusical; Fogo de Santiago e dos 700 Anos da Ponte Medieval; Fogo de Artif\u00edcio nas margens do C\u00e1vado com lumes vivos; no encerramento da Festa, Fogo Preso Tradicional de Romaria.&nbsp;<br>Mas a programa\u00e7\u00e3o das Cruzes vai muito mais al\u00e9m do que as sess\u00f5es pirot\u00e9cnicas e os concertos. O programa inclui Bandas no Coreto, Programa da RTP \u2013 Especial Batalha das Flores, Concerto de Bandas Filarm\u00f3nicas, Barcelos no Caminho de Santiago com destaque para a Recria\u00e7\u00e3o Hist\u00f3rica \u201cS\u00e3o Crist\u00f3v\u00e3o, o Protetor dos Peregrinos\u201d; Desfile Etnogr\u00e1fico pelos Grupos Folcl\u00f3ricos de Barcelos e concerto de encerramento na Avenida da Liberdade. &nbsp;<\/p>\n\n\n\n<p class=\"wp-block-paragraph\"><br><strong>Missa Solene, Prociss\u00e3o da Inven\u00e7\u00e3o da Santa Cruz, Tapetes de P\u00e9talas Naturais, Batalha das Flores<\/strong><\/p>\n\n\n\n<p class=\"wp-block-paragraph\"><br>Numa simbiose entre a religi\u00e3o, a tradi\u00e7\u00e3o, a etnografia e a anima\u00e7\u00e3o, o cartaz da Festa das Cruzes mant\u00e9m todos os n\u00fameros de programa\u00e7\u00e3o que fazem desta festividade \u00fanica e extraordin\u00e1ria. Desde logo, o cariz religioso fica bem vincado pela comunh\u00e3o das 89 par\u00f3quias que comp\u00f5em a Grandiosa Prociss\u00e3o da Inven\u00e7\u00e3o da Santa Cruz, no dia 3 de maio, feriado municipal. Mas antes, a 30 de abril, s\u00e3o inaugurados os Tapetes de P\u00e9talas de Flores Naturais, outro ex-l\u00edbris das Cruzes e os Arcos de Romaria que v\u00e3o ladear o Campo da Feira.<br>Muito participada e motivo de aflu\u00eancia de dezenas de milhares de visitantes, a Batalha das Flores realiza-se no feriado 1\u00ba de maio. Este ano, a Batalha das Flores ser\u00e1 subordinada ao tema Festa das Cruzes, Patrim\u00f3nio Imaterial Portugu\u00eas, que, de resto, ser\u00e1 tamb\u00e9m tema na Ilumina\u00e7\u00e3o e nos Fogos.<\/p>\n\n\n\n<p class=\"wp-block-paragraph\"><\/p>\n","protected":false},"excerpt":{"rendered":"<p>Al\u00e9m de The Gift, Fernando Daniel, Nininho Vaz Maia e Calema, este ano a novidade s\u00e3o as Mini Cruzes, uma programa\u00e7\u00e3o dedicada aos mais novos O programa da Festa das Cruzes volta a ter um cartaz de excel\u00eancia, combinando a f\u00e9 religiosa com a anima\u00e7\u00e3o e a tradi\u00e7\u00e3o.&nbsp; Nos concertos, nomes como The Gift, Fernando [&hellip;]<\/p>\n","protected":false},"author":3,"featured_media":234,"comment_status":"open","ping_status":"open","sticky":false,"template":"","format":"standard","meta":{"footnotes":"","jetpack_publicize_message":"","jetpack_publicize_feature_enabled":true,"jetpack_social_post_already_shared":false,"jetpack_social_options":{"image_generator_settings":{"template":"highway","default_image_id":0,"font":"","enabled":false},"version":2}},"categories":[134],"tags":[61],"class_list":["post-327","post","type-post","status-publish","format-standard","has-post-thumbnail","category-arquivo","tag-festa-das-cruzes"],"jetpack_publicize_connections":[],"_links":{"self":[{"href":"https:\/\/noticiasdeesposende.pt\/index.php?rest_route=\/wp\/v2\/posts\/327","targetHints":{"allow":["GET"]}}],"collection":[{"href":"https:\/\/noticiasdeesposende.pt\/index.php?rest_route=\/wp\/v2\/posts"}],"about":[{"href":"https:\/\/noticiasdeesposende.pt\/index.php?rest_route=\/wp\/v2\/types\/post"}],"author":[{"embeddable":true,"href":"https:\/\/noticiasdeesposende.pt\/index.php?rest_route=\/wp\/v2\/users\/3"}],"replies":[{"embeddable":true,"href":"https:\/\/noticiasdeesposende.pt\/index.php?rest_route=%2Fwp%2Fv2%2Fcomments&post=327"}],"version-history":[{"count":1,"href":"https:\/\/noticiasdeesposende.pt\/index.php?rest_route=\/wp\/v2\/posts\/327\/revisions"}],"predecessor-version":[{"id":750,"href":"https:\/\/noticiasdeesposende.pt\/index.php?rest_route=\/wp\/v2\/posts\/327\/revisions\/750"}],"wp:attachment":[{"href":"https:\/\/noticiasdeesposende.pt\/index.php?rest_route=%2Fwp%2Fv2%2Fmedia&parent=327"}],"wp:term":[{"taxonomy":"category","embeddable":true,"href":"https:\/\/noticiasdeesposende.pt\/index.php?rest_route=%2Fwp%2Fv2%2Fcategories&post=327"},{"taxonomy":"post_tag","embeddable":true,"href":"https:\/\/noticiasdeesposende.pt\/index.php?rest_route=%2Fwp%2Fv2%2Ftags&post=327"}],"curies":[{"name":"wp","href":"https:\/\/api.w.org\/{rel}","templated":true}]}}