{"id":328,"date":"2025-04-01T11:50:04","date_gmt":"2025-04-01T11:50:04","guid":{"rendered":"https:\/\/noticiasdeesposende.pt\/?p=236"},"modified":"2026-08-25T15:48:31","modified_gmt":"2026-08-25T15:48:31","slug":"esposende-marcou-presenca-da-btl","status":"publish","type":"post","link":"https:\/\/noticiasdeesposende.pt\/?p=328","title":{"rendered":"Esposende marcou presen\u00e7a da BTL"},"content":{"rendered":"\n<p class=\"wp-block-paragraph\">O Munic\u00edpio de Esposende esteve presente na Bolsa de Turismo de Lisboa (BTL), que este ano passou a adotar a nova identidade\u00a0<em>Better Tourism Lisbon<\/em>, com o presidente da C\u00e2mara Municipal de Esposende, Guilherme Emilio, a marcar presen\u00e7a no dia da abertura do evento, considerado o maior de turismo em Portugal e um dos mais importantes a n\u00edvel internacional. A BTL re\u00fane profissionais, expositores e visitantes de todo o mundo, sendo uma excelente oportunidade para promover as riquezas e tradi\u00e7\u00f5es do concelho.<\/p>\n\n\n\n<p class=\"wp-block-paragraph\">Neste certame, Esposende destacou-se com a sua iniciativa \u201cMar\u00e7o com Sabores do Mar\u201d, com a colabora\u00e7\u00e3o com a Escola Profissional de Esposende a permitir a realiza\u00e7\u00e3o de um\u00a0<em>showcooking<\/em>, onde foi apresentado o prato \u201cEsmagada com filete de robalo e esferifica\u00e7\u00e3o de algas\u201d, acompanhado por \u201cSangria de cerveja artesanal Coice\u201d e o vinho \u201cQuinta de Curvos \u2013 Loureiro\u201d. A experi\u00eancia terminou com a degusta\u00e7\u00e3o de um doce original: \u201cUm sonho de nabo com caldo de vinh\u00e3o\u201d, uma deliciosa cria\u00e7\u00e3o da institui\u00e7\u00e3o de ensino.<\/p>\n\n\n\n<p class=\"wp-block-paragraph\">\u201cA gastronomia de Esposende reflete a riqueza e frescor dos nossos mares, com produtos de excel\u00eancia que s\u00e3o o reflexo de um trabalho genu\u00edno e apaixonado. Este evento na BTL \u00e9 uma oportunidade \u00fanica de partilhar com o mundo os sabores que tornam Esposende t\u00e3o especial\u201d, afirmou Guilherme Emilio, presidente da C\u00e2mara Municipal de Esposende, durante a sua visita<\/p>\n\n\n\n<p class=\"wp-block-paragraph\">A participa\u00e7\u00e3o de Esposende na BTL n\u00e3o s\u00f3 destacou as iguarias da regi\u00e3o, como tamb\u00e9m refor\u00e7ou o compromisso da cidade em promover a gastronomia como um dos principais atrativos tur\u00edsticos. A rica tradi\u00e7\u00e3o culin\u00e1ria local, com o peixe fresco e os mariscos como protagonistas, tem sido um dos maiores impulsionadores do turismo na regi\u00e3o.<\/p>\n\n\n\n<p class=\"wp-block-paragraph\">Al\u00e9m das degusta\u00e7\u00f5es, Esposende esteve tamb\u00e9m representada pela Esta\u00e7\u00e3o N\u00e1utica de Esposende, que participou na apresenta\u00e7\u00e3o integrada da Rede de Esta\u00e7\u00f5es N\u00e1uticas do Litoral Norte. No entanto, o destaque do evento foi, sem d\u00favida, a promo\u00e7\u00e3o da gastronomia local, com pratos que celebram o melhor que o mar tem para oferecer.<\/p>\n\n\n\n<p class=\"wp-block-paragraph\">No final do evento, a F\u00f3rum Oceano entregou \u00e0 Esta\u00e7\u00e3o N\u00e1utica de Esposende o certificado e bandeira de renova\u00e7\u00e3o da sua certifica\u00e7\u00e3o, v\u00e1lida por mais tr\u00eas anos, at\u00e9 12 de novembro de 2027. A cerim\u00f4nia contou com a presen\u00e7a do vereador do Turismo da C\u00e2mara Municipal de Esposende, S\u00e9rgio Mano, do atleta ol\u00edmpico Jo\u00e3o Ribeiro (Embaixador da Esta\u00e7\u00e3o N\u00e1utica de Esposende), de Ant\u00f3nio Jos\u00e9 Correia, dinamizador da rede de Esta\u00e7\u00f5es N\u00e1uticas de Portugal, e do Secret\u00e1rio de Estado do Turismo, Pedro Machado.<\/p>\n\n\n\n<p class=\"wp-block-paragraph\">Este momento simboliza o empenho de Esposende na promo\u00e7\u00e3o da sua gastronomia e na afirma\u00e7\u00e3o da cidade como um destino de excel\u00eancia, tanto no turismo n\u00e1utico como na gastronomia, destacando-se pelas suas tradi\u00e7\u00f5es e pela qualidade dos seus produtos locais.<\/p>\n","protected":false},"excerpt":{"rendered":"<p>O Munic\u00edpio de Esposende esteve presente na Bolsa de Turismo de Lisboa (BTL), que este ano passou a adotar a nova identidade\u00a0Better Tourism Lisbon, com o presidente da C\u00e2mara Municipal de Esposende, Guilherme Emilio, a marcar presen\u00e7a no dia da abertura do evento, considerado o maior de turismo em Portugal e um dos mais importantes [&hellip;]<\/p>\n","protected":false},"author":3,"featured_media":237,"comment_status":"open","ping_status":"open","sticky":false,"template":"","format":"standard","meta":{"footnotes":"","jetpack_publicize_message":"","jetpack_publicize_feature_enabled":true,"jetpack_social_post_already_shared":false,"jetpack_social_options":{"image_generator_settings":{"template":"highway","default_image_id":0,"font":"","enabled":false},"version":2}},"categories":[134],"tags":[],"class_list":["post-328","post","type-post","status-publish","format-standard","has-post-thumbnail","category-arquivo"],"jetpack_publicize_connections":[],"_links":{"self":[{"href":"https:\/\/noticiasdeesposende.pt\/index.php?rest_route=\/wp\/v2\/posts\/328","targetHints":{"allow":["GET"]}}],"collection":[{"href":"https:\/\/noticiasdeesposende.pt\/index.php?rest_route=\/wp\/v2\/posts"}],"about":[{"href":"https:\/\/noticiasdeesposende.pt\/index.php?rest_route=\/wp\/v2\/types\/post"}],"author":[{"embeddable":true,"href":"https:\/\/noticiasdeesposende.pt\/index.php?rest_route=\/wp\/v2\/users\/3"}],"replies":[{"embeddable":true,"href":"https:\/\/noticiasdeesposende.pt\/index.php?rest_route=%2Fwp%2Fv2%2Fcomments&post=328"}],"version-history":[{"count":1,"href":"https:\/\/noticiasdeesposende.pt\/index.php?rest_route=\/wp\/v2\/posts\/328\/revisions"}],"predecessor-version":[{"id":749,"href":"https:\/\/noticiasdeesposende.pt\/index.php?rest_route=\/wp\/v2\/posts\/328\/revisions\/749"}],"wp:attachment":[{"href":"https:\/\/noticiasdeesposende.pt\/index.php?rest_route=%2Fwp%2Fv2%2Fmedia&parent=328"}],"wp:term":[{"taxonomy":"category","embeddable":true,"href":"https:\/\/noticiasdeesposende.pt\/index.php?rest_route=%2Fwp%2Fv2%2Fcategories&post=328"},{"taxonomy":"post_tag","embeddable":true,"href":"https:\/\/noticiasdeesposende.pt\/index.php?rest_route=%2Fwp%2Fv2%2Ftags&post=328"}],"curies":[{"name":"wp","href":"https:\/\/api.w.org\/{rel}","templated":true}]}}