{"id":329,"date":"2025-04-01T11:58:33","date_gmt":"2025-04-01T11:58:33","guid":{"rendered":"https:\/\/noticiasdeesposende.pt\/?p=239"},"modified":"2026-08-25T15:48:31","modified_gmt":"2026-08-25T15:48:31","slug":"bmcar-meia-maratona-do-cavado-destaca-uniao-desporto-e-formacao","status":"publish","type":"post","link":"https:\/\/noticiasdeesposende.pt\/?p=329","title":{"rendered":"BMcar Meia Maratona do C\u00e1vado destaca uni\u00e3o, desporto e forma\u00e7\u00e3o"},"content":{"rendered":"\n<p class=\"wp-block-paragraph\"><strong>Com partida agendada para as 10h15 de domingo, a prova ter\u00e1 partida em Esposende e chegada em Barcelos<\/strong><\/p>\n\n\n\n<p class=\"wp-block-paragraph\">A terceira edi\u00e7\u00e3o da BMcar Meia Maratona do C\u00e1vado parte de Esposende, no dia 6 de abril, \u00e0s 10h15, com meta em Barcelos. Al\u00e9m da meia maratona, haver\u00e1 uma mini maratona de 10 km e uma caminhada de cerca de 8 km, ambas com partida e meta em Barcelos. A prova tem organiza\u00e7\u00e3o dos Amigos da Montanha em parceria com os Munic\u00edpios de Barcelos e Esposende.<\/p>\n\n\n\n<p class=\"wp-block-paragraph\">A apresenta\u00e7\u00e3o oficial da BMcar Meia Maratona do C\u00e1vado realizou-se no F\u00f3rum Municipal Rodrigues Sampaio, em Esposende, e contou com a presen\u00e7a do Presidente da C\u00e2mara Municipal de Esposende, Guilherme Em\u00edlio, do vereador da autarquia de Barcelos, Jos\u00e9 Paulo Matias, do presidente da Federa\u00e7\u00e3o Portuguesa de Atletismo, Domingos Castro, do Presidente dos Amigos da Montanha, Am\u00e9rico Alves, do representante da BMcar, H\u00e9lder Madan\u00e7os, al\u00e9m de v\u00e1rios atletas de renome j\u00e1 inscritos na prova.<\/p>\n\n\n\n<p class=\"wp-block-paragraph\">Na sua interven\u00e7\u00e3o, Domingos Castro destacou o forte investimento da Federa\u00e7\u00e3o na forma\u00e7\u00e3o dos jovens atletas e revelou que em breve ser\u00e1 inaugurada a Casa das Sele\u00e7\u00f5es, uma infraestrutura que acolher\u00e1 est\u00e1gios de jovens atletas, sempre com o princ\u00edpio fundamental de conciliar o desporto com os estudos. Salientou ainda as dificuldades na realiza\u00e7\u00e3o de grandes eventos que s\u00f3 se tornam poss\u00edveis de superar com muito esfor\u00e7o das organiza\u00e7\u00f5es e com o apoio dos patrocinadores e parceiros. \u201cFiquei extremamente encantado com aquilo que vi, com a vossa sede, com todo aquele trabalho, todo aquele esfor\u00e7o\u201d, aludindo \u00e0 visita que tinha realizado durante a tarde \u00e0s instala\u00e7\u00f5es dos Amigos da Montanha.<\/p>\n\n\n\n<p class=\"wp-block-paragraph\">O vereador da C\u00e2mara Municipal de Barcelos, Jos\u00e9 Paulo Matias, refor\u00e7ou a import\u00e2ncia da coes\u00e3o entre territ\u00f3rios e das boas rela\u00e7\u00f5es entre popula\u00e7\u00f5es e autarquias, sublinhando o papel dos Amigos da Montanha na organiza\u00e7\u00e3o de um evento desta dimens\u00e3o.<\/p>\n\n\n\n<p class=\"wp-block-paragraph\">Por sua vez, o presidente da C\u00e2mara Municipal de Esposende, Guilherme Em\u00edlio, real\u00e7ou o simbolismo da prova, que liga Esposende e Barcelos sob o lema \u201cO rio que nos une\u201d, promovendo n\u00e3o apenas o desporto e a sa\u00fade, mas tamb\u00e9m a valoriza\u00e7\u00e3o do territ\u00f3rio e das tradi\u00e7\u00f5es locais. Enalteceu ainda o papel dos Amigos da Montanha, cuja dedica\u00e7\u00e3o e capacidade organizativa tornam poss\u00edvel um evento de grande dimens\u00e3o e impacto comunit\u00e1rio.<\/p>\n\n\n\n<p class=\"wp-block-paragraph\">H\u00e9lder Madan\u00e7os, da BMcar, referiu a import\u00e2ncia de estarem aliados a iniciativas desportivas e, em particular, aos Amigos da Montanha, \u201cpor estarem envolvidos em v\u00e1rias frentes e terem uma capacidade organizativa acima da m\u00e9dia\u201d.<\/p>\n\n\n\n<p class=\"wp-block-paragraph\">Am\u00e9rico Alves, presidente da dire\u00e7\u00e3o dos Amigos da Montanha, relembrou que o atletismo faz parte do clube desde 2014, com uma aposta forte na forma\u00e7\u00e3o, evidenciada em atletas como Beatriz Rios, exemplo dos resultados do trabalho desenvolvido. Sublinhou ainda que este evento nasceu com o sonho de unir os dois concelhos atrav\u00e9s de uma prova desportiva e concretizou-se pela primeira vez em 2023 sob o tema \u201cO rio que nos une\u201d. Uma poposta apresentada aos dois munic\u00edpios que, prontamente, foi aceite. E de facto esta parceria com os munic\u00edpios \u00e9 fundamental, considerando uma prova desta envergadura em que \u00e9 necess\u00e1rio colocar no terreno uma log\u00edstica enorme.\u00a0<\/p>\n\n\n\n<p class=\"wp-block-paragraph\">Al\u00e9m da meia maratona, haver\u00e1 uma mini maratona de cerca de 10 km e uma caminhada de 8 km, ambas com partida e meta em Barcelos. A caminhada tem este ano um percurso ao longo das margens do C\u00e1vado, visitando parte da nova Ecovia.<\/p>\n\n\n\n<p class=\"wp-block-paragraph\">Todos os participantes que concluam a Meia e Mini Maratona receber\u00e3o medalhas, e haver\u00e1 pr\u00e9mios monet\u00e1rios para diversas categorias, conforme regulamento da FPA.<\/p>\n\n\n\n<p class=\"wp-block-paragraph\">Entre os atletas presentes na apresenta\u00e7\u00e3o, e confirmados na prova, estiveram Beatriz Rios, Ricardo Dias, Fernando Serr\u00e3o, Doroteia Peixoto e Augusto Costa, em representa\u00e7\u00e3o dos Amigos da Montanha, e Rui Pinto que aguarda apenas a decis\u00e3o da sua participa\u00e7\u00e3o nos campeonatos europeus. Esteve ainda presente Ant\u00f3nio Nogueira da Costa, T\u00e9cnico Nacional de corridas em estrada e treinador ol\u00edmpico, presente em Paris 2024.<\/p>\n","protected":false},"excerpt":{"rendered":"<p>Com partida agendada para as 10h15 de domingo, a prova ter\u00e1 partida em Esposende e chegada em Barcelos A terceira edi\u00e7\u00e3o da BMcar Meia Maratona do C\u00e1vado parte de Esposende, no dia 6 de abril, \u00e0s 10h15, com meta em Barcelos. Al\u00e9m da meia maratona, haver\u00e1 uma mini maratona de 10 km e uma caminhada [&hellip;]<\/p>\n","protected":false},"author":3,"featured_media":240,"comment_status":"open","ping_status":"open","sticky":false,"template":"","format":"standard","meta":{"footnotes":"","jetpack_publicize_message":"","jetpack_publicize_feature_enabled":true,"jetpack_social_post_already_shared":false,"jetpack_social_options":{"image_generator_settings":{"template":"highway","default_image_id":0,"font":"","enabled":false},"version":2}},"categories":[134],"tags":[63,66],"class_list":["post-329","post","type-post","status-publish","format-standard","has-post-thumbnail","category-arquivo","tag-amigos-da-montanha","tag-meia-maratona-do-cavado"],"jetpack_publicize_connections":[],"_links":{"self":[{"href":"https:\/\/noticiasdeesposende.pt\/index.php?rest_route=\/wp\/v2\/posts\/329","targetHints":{"allow":["GET"]}}],"collection":[{"href":"https:\/\/noticiasdeesposende.pt\/index.php?rest_route=\/wp\/v2\/posts"}],"about":[{"href":"https:\/\/noticiasdeesposende.pt\/index.php?rest_route=\/wp\/v2\/types\/post"}],"author":[{"embeddable":true,"href":"https:\/\/noticiasdeesposende.pt\/index.php?rest_route=\/wp\/v2\/users\/3"}],"replies":[{"embeddable":true,"href":"https:\/\/noticiasdeesposende.pt\/index.php?rest_route=%2Fwp%2Fv2%2Fcomments&post=329"}],"version-history":[{"count":1,"href":"https:\/\/noticiasdeesposende.pt\/index.php?rest_route=\/wp\/v2\/posts\/329\/revisions"}],"predecessor-version":[{"id":748,"href":"https:\/\/noticiasdeesposende.pt\/index.php?rest_route=\/wp\/v2\/posts\/329\/revisions\/748"}],"wp:featuredmedia":[{"embeddable":true,"href":"https:\/\/noticiasdeesposende.pt\/index.php?rest_route=\/wp\/v2\/media\/240"}],"wp:attachment":[{"href":"https:\/\/noticiasdeesposende.pt\/index.php?rest_route=%2Fwp%2Fv2%2Fmedia&parent=329"}],"wp:term":[{"taxonomy":"category","embeddable":true,"href":"https:\/\/noticiasdeesposende.pt\/index.php?rest_route=%2Fwp%2Fv2%2Fcategories&post=329"},{"taxonomy":"post_tag","embeddable":true,"href":"https:\/\/noticiasdeesposende.pt\/index.php?rest_route=%2Fwp%2Fv2%2Ftags&post=329"}],"curies":[{"name":"wp","href":"https:\/\/api.w.org\/{rel}","templated":true}]}}