{"id":330,"date":"2025-04-01T12:07:27","date_gmt":"2025-04-01T12:07:27","guid":{"rendered":"https:\/\/noticiasdeesposende.pt\/?p=242"},"modified":"2026-08-25T15:48:31","modified_gmt":"2026-08-25T15:48:31","slug":"seis-bens-culturais-de-esposende-incluidos-nas-rotas-do-norte","status":"publish","type":"post","link":"https:\/\/noticiasdeesposende.pt\/?p=330","title":{"rendered":"Seis bens culturais de Esposende inclu\u00eddos nas \u201cRotas do Norte\u201d"},"content":{"rendered":"\n<p class=\"wp-block-paragraph\">Quatro espa\u00e7os museol\u00f3gicos e duas esculturas de Esposende passaram a integrar as \u201cRotas do Norte\u201d modelo de gest\u00e3o adotado pela CCDR NORTE e pela Entidade Regional de Turismo do Porto e Norte de Portugal (ER-TPNP) para promover os bens culturais da regi\u00e3o.<\/p>\n\n\n\n<p class=\"wp-block-paragraph\">A Casa Manuel de Boaventura (Casa de Sus\u00e3o) integra a Rota \u201cEscritores a Norte\u201d. J\u00e1 a rota &#8220;Arte e Arquitetura Contempor\u00e2nea a Norte\u201d integra tr\u00eas estruturas: a obra de Vhils, situada na marginal de Esposende, denominada \u201cScratching the Surface \u2013 Mulheres do Mar\u201d, assim como a Casa das Marinhas, de Viana de Lima e o painel de azulejos sobre os 450 anos da funda\u00e7\u00e3o do concelho de Esposende, da autoria de Ant\u00f3nio, Nuno e V\u00e2nia Mendanha.<\/p>\n\n\n\n<p class=\"wp-block-paragraph\">Por seu turno, o Forte de S\u00e3o Jo\u00e3o Baptista passa a integrar a rota denominada &#8220;Castelos e Fortalezas a Norte&#8221; e o Castro de S\u00e3o Louren\u00e7o integra a rota \u201cCastros a Norte\u201d.<\/p>\n\n\n\n<p class=\"wp-block-paragraph\">Com esta decis\u00e3o, o Munic\u00edpio de Esposende poder\u00e1 concorrer a financiamentos que visem apoiar opera\u00e7\u00f5es de salvaguarda, valoriza\u00e7\u00e3o e promo\u00e7\u00e3o deste espa\u00e7o, com reconhecido potencial de atra\u00e7\u00e3o tur\u00edstica e cultural, sendo a atribui\u00e7\u00e3o deste selo crit\u00e9rio de admissibilidade.<\/p>\n\n\n\n<p class=\"wp-block-paragraph\">O selo Rotas do Norte, institu\u00eddo pela CCDR NORTE e a Entidade Regional de Turismo do Porto e Norte de Portugal, integra uma estrat\u00e9gia de organiza\u00e7\u00e3o, gest\u00e3o e promo\u00e7\u00e3o de rotas tur\u00edsticas regionais de Patrim\u00f3nio Cultural, Arte e Arquitetura Contempor\u00e2neas, designadas de \u201cRotas do Norte\u201d, tendo em vista o desenvolvimento do turismo cultural e a valoriza\u00e7\u00e3o do patrim\u00f3nio cultural na Regi\u00e3o Norte.<\/p>\n\n\n\n<p class=\"wp-block-paragraph\">As \u201cRotas do Norte\u201d inserem-se na estrat\u00e9gia da CCDR NORTE e da Entidade Regional de Turismo do Porto e Norte de Portugal (ER-TPNP) para a organiza\u00e7\u00e3o, gest\u00e3o e promo\u00e7\u00e3o de rotas tur\u00edsticas regionais de Patrim\u00f3nio Cultural, Arte e Arquitetura Contempor\u00e2neas, tendo como objetivo o desenvolvimento do turismo cultural e a valoriza\u00e7\u00e3o do patrim\u00f3nio cultural na Regi\u00e3o Norte.<\/p>\n","protected":false},"excerpt":{"rendered":"<p>Quatro espa\u00e7os museol\u00f3gicos e duas esculturas de Esposende passaram a integrar as \u201cRotas do Norte\u201d modelo de gest\u00e3o adotado pela CCDR NORTE e pela Entidade Regional de Turismo do Porto e Norte de Portugal (ER-TPNP) para promover os bens culturais da regi\u00e3o. A Casa Manuel de Boaventura (Casa de Sus\u00e3o) integra a Rota \u201cEscritores a [&hellip;]<\/p>\n","protected":false},"author":3,"featured_media":243,"comment_status":"open","ping_status":"open","sticky":false,"template":"","format":"standard","meta":{"footnotes":"","jetpack_publicize_message":"","jetpack_publicize_feature_enabled":true,"jetpack_social_post_already_shared":false,"jetpack_social_options":{"image_generator_settings":{"template":"highway","default_image_id":0,"font":"","enabled":false},"version":2}},"categories":[134],"tags":[],"class_list":["post-330","post","type-post","status-publish","format-standard","has-post-thumbnail","category-arquivo"],"jetpack_publicize_connections":[],"_links":{"self":[{"href":"https:\/\/noticiasdeesposende.pt\/index.php?rest_route=\/wp\/v2\/posts\/330","targetHints":{"allow":["GET"]}}],"collection":[{"href":"https:\/\/noticiasdeesposende.pt\/index.php?rest_route=\/wp\/v2\/posts"}],"about":[{"href":"https:\/\/noticiasdeesposende.pt\/index.php?rest_route=\/wp\/v2\/types\/post"}],"author":[{"embeddable":true,"href":"https:\/\/noticiasdeesposende.pt\/index.php?rest_route=\/wp\/v2\/users\/3"}],"replies":[{"embeddable":true,"href":"https:\/\/noticiasdeesposende.pt\/index.php?rest_route=%2Fwp%2Fv2%2Fcomments&post=330"}],"version-history":[{"count":1,"href":"https:\/\/noticiasdeesposende.pt\/index.php?rest_route=\/wp\/v2\/posts\/330\/revisions"}],"predecessor-version":[{"id":747,"href":"https:\/\/noticiasdeesposende.pt\/index.php?rest_route=\/wp\/v2\/posts\/330\/revisions\/747"}],"wp:attachment":[{"href":"https:\/\/noticiasdeesposende.pt\/index.php?rest_route=%2Fwp%2Fv2%2Fmedia&parent=330"}],"wp:term":[{"taxonomy":"category","embeddable":true,"href":"https:\/\/noticiasdeesposende.pt\/index.php?rest_route=%2Fwp%2Fv2%2Fcategories&post=330"},{"taxonomy":"post_tag","embeddable":true,"href":"https:\/\/noticiasdeesposende.pt\/index.php?rest_route=%2Fwp%2Fv2%2Ftags&post=330"}],"curies":[{"name":"wp","href":"https:\/\/api.w.org\/{rel}","templated":true}]}}