{"id":331,"date":"2025-04-01T12:14:15","date_gmt":"2025-04-01T12:14:15","guid":{"rendered":"https:\/\/noticiasdeesposende.pt\/?p=245"},"modified":"2026-08-25T15:48:31","modified_gmt":"2026-08-25T15:48:31","slug":"detido-por-posse-ilegal-de-arma-de-fogo-e-arma-proibida","status":"publish","type":"post","link":"https:\/\/noticiasdeesposende.pt\/?p=331","title":{"rendered":"Detido por posse ilegal de arma de fogo e arma proibida"},"content":{"rendered":"\n<p class=\"wp-block-paragraph\">O Comando Territorial de Braga, atrav\u00e9s do N\u00facleo de Investiga\u00e7\u00e3o Criminal (NIC) de Barcelos, no dia 19 de mar\u00e7o, deteve um homem de 48 anos por posse ilegal de arma de fogo e de arma proibida, no concelho de Esposende.<\/p>\n\n\n\n<p class=\"wp-block-paragraph\">No \u00e2mbito de uma investiga\u00e7\u00e3o por tr\u00e1fico de estupefacientes, que decorria desde julho de 2024, os militares da Guarda levaram a cabo dilig\u00eancias policiais que culminaram no cumprimento de quatro mandados de busca, duas domicili\u00e1rias e duas em ve\u00edculos, no concelho de Esposende, durante as quais foram detetadas duas armas de fogo.<\/p>\n\n\n\n<p class=\"wp-block-paragraph\">Da a\u00e7\u00e3o resultou a deten\u00e7\u00e3o do suspeito por posse ilegal de arma de fogo e de arma proibida, nomeadamente uma arma transformada, bem como a apreens\u00e3o de 1 telem\u00f3vel, 4 700 euros em numer\u00e1rio, 2 armas de fogo e 110 muni\u00e7\u00f5es.<\/p>\n\n\n\n<p class=\"wp-block-paragraph\">O detido foi constitu\u00eddo arguido, e os factos foram remetidos aos Tribunal Judicial de Vila Nova de Famalic\u00e3o.<\/p>\n\n\n\n<p class=\"wp-block-paragraph\">A GNR relembra que, de acordo com o Regime Jur\u00eddico das Armas e Muni\u00e7\u00f5es, quem, sem se encontrar autorizado, detiver, transportar, guardar, comprar ou adquirir qualquer arma elencada no n.\u00ba 1 do Artigo 86.\u00ba do mesmo diploma, encontra-se a incorrer no crime de\u00a0posse de arma proibida. Importa ainda esclarecer que, quem detiver arma n\u00e3o registada ou manifestada, quando obrigat\u00f3rio, constitui um crime de\u00a0posse ilegal de arma.<\/p>\n\n\n\n<p class=\"wp-block-paragraph\"><\/p>\n","protected":false},"excerpt":{"rendered":"<p>O Comando Territorial de Braga, atrav\u00e9s do N\u00facleo de Investiga\u00e7\u00e3o Criminal (NIC) de Barcelos, no dia 19 de mar\u00e7o, deteve um homem de 48 anos por posse ilegal de arma de fogo e de arma proibida, no concelho de Esposende. No \u00e2mbito de uma investiga\u00e7\u00e3o por tr\u00e1fico de estupefacientes, que decorria desde julho de 2024, [&hellip;]<\/p>\n","protected":false},"author":3,"featured_media":246,"comment_status":"open","ping_status":"open","sticky":false,"template":"","format":"standard","meta":{"footnotes":"","jetpack_publicize_message":"","jetpack_publicize_feature_enabled":true,"jetpack_social_post_already_shared":false,"jetpack_social_options":{"image_generator_settings":{"template":"highway","default_image_id":0,"font":"","enabled":false},"version":2}},"categories":[134],"tags":[],"class_list":["post-331","post","type-post","status-publish","format-standard","has-post-thumbnail","category-arquivo"],"jetpack_publicize_connections":[],"_links":{"self":[{"href":"https:\/\/noticiasdeesposende.pt\/index.php?rest_route=\/wp\/v2\/posts\/331","targetHints":{"allow":["GET"]}}],"collection":[{"href":"https:\/\/noticiasdeesposende.pt\/index.php?rest_route=\/wp\/v2\/posts"}],"about":[{"href":"https:\/\/noticiasdeesposende.pt\/index.php?rest_route=\/wp\/v2\/types\/post"}],"author":[{"embeddable":true,"href":"https:\/\/noticiasdeesposende.pt\/index.php?rest_route=\/wp\/v2\/users\/3"}],"replies":[{"embeddable":true,"href":"https:\/\/noticiasdeesposende.pt\/index.php?rest_route=%2Fwp%2Fv2%2Fcomments&post=331"}],"version-history":[{"count":1,"href":"https:\/\/noticiasdeesposende.pt\/index.php?rest_route=\/wp\/v2\/posts\/331\/revisions"}],"predecessor-version":[{"id":746,"href":"https:\/\/noticiasdeesposende.pt\/index.php?rest_route=\/wp\/v2\/posts\/331\/revisions\/746"}],"wp:attachment":[{"href":"https:\/\/noticiasdeesposende.pt\/index.php?rest_route=%2Fwp%2Fv2%2Fmedia&parent=331"}],"wp:term":[{"taxonomy":"category","embeddable":true,"href":"https:\/\/noticiasdeesposende.pt\/index.php?rest_route=%2Fwp%2Fv2%2Fcategories&post=331"},{"taxonomy":"post_tag","embeddable":true,"href":"https:\/\/noticiasdeesposende.pt\/index.php?rest_route=%2Fwp%2Fv2%2Ftags&post=331"}],"curies":[{"name":"wp","href":"https:\/\/api.w.org\/{rel}","templated":true}]}}