{"id":332,"date":"2025-04-01T12:23:28","date_gmt":"2025-04-01T12:23:28","guid":{"rendered":"https:\/\/noticiasdeesposende.pt\/?p=248"},"modified":"2026-08-25T15:48:31","modified_gmt":"2026-08-25T15:48:31","slug":"esposende-reforca-apoio-ao-desporto-com-investimento-de-mais-de-458-mil-euros","status":"publish","type":"post","link":"https:\/\/noticiasdeesposende.pt\/?p=332","title":{"rendered":"Esposende refor\u00e7a apoio ao desporto com investimento de mais de 458 Mil Euros"},"content":{"rendered":"\n<p class=\"wp-block-paragraph\">O Munic\u00edpio de Esposende ir\u00e1 investir, na atual \u00e9poca desportiva, um montante superior a 458 mil euros (458.310\u20ac) no apoio \u00e0s associa\u00e7\u00f5es e clubes desportivos do concelho, representando um incremento de 78.777\u20ac em compara\u00e7\u00e3o com a \u00e9poca anterior. O investimento beneficiar\u00e1 35 associa\u00e7\u00f5es desportivas, abrangendo 15 modalidades distintas.<\/p>\n\n\n\n<p class=\"wp-block-paragraph\">Este apoio, aprovado em reuni\u00e3o do Executivo Municipal, ser\u00e1 concretizado atrav\u00e9s da assinatura de Contratos Programa de Desenvolvimento Desportivo com as associa\u00e7\u00f5es e clubes locais, bem como com entidades de \u00e2mbito regional, incluindo a Federa\u00e7\u00e3o Portuguesa de Basquetebol, a Associa\u00e7\u00e3o de Andebol de Braga, a Associa\u00e7\u00e3o de Atletismo de Braga, a Associa\u00e7\u00e3o de Basquetebol de Braga, a Associa\u00e7\u00e3o de Futebol de Braga e a Associa\u00e7\u00e3o de Patinagem do Minho.<\/p>\n\n\n\n<p class=\"wp-block-paragraph\">Assim o apoio \u00e0 pr\u00e1tica desportiva federada ser\u00e1 de 210.800\u20ac, visando o crescimento do n\u00famero de atletas federados, que aumentou em 167 participantes em rela\u00e7\u00e3o \u00e0 \u00e9poca anterior, o apoio \u00e0 pr\u00e1tica desportiva n\u00e3o federada ser\u00e1 de 17.900\u20ac e o apoio \u00e0 organiza\u00e7\u00e3o de competi\u00e7\u00f5es e torneios desportivos ser\u00e1 de 144.800\u20ac. Tamb\u00e9m o programas de desporto inclusivo ser\u00e1 de 41.800\u20ac, direcionados a crian\u00e7as com necessidades educativas especiais, o apoio ao aluguer de instala\u00e7\u00f5es desportivas ser\u00e1 de 10.800\u20ac e o apoio aos custos operacionais de gest\u00e3o e manuten\u00e7\u00e3o de instala\u00e7\u00f5es desportivas de 32.210\u20ac.<\/p>\n\n\n\n<p class=\"wp-block-paragraph\">Este apoio visa refor\u00e7ar a atua\u00e7\u00e3o das associa\u00e7\u00f5es desportivas, enquanto entidades locais promotoras da pr\u00e1tica desportiva, com uma oferta cada vez mais abrangente e diversificada.<\/p>\n\n\n\n<p class=\"wp-block-paragraph\">Guilherme Em\u00edlio, Presidente da C\u00e2mara Municipal de Esposende, destaca que \u201ca celebra\u00e7\u00e3o dos Contratos Programa de Desenvolvimento Desportivo \u00e9 o modelo mais transparente e eficiente para garantir apoio cont\u00ednuo aos clubes e atletas, proporcionando as condi\u00e7\u00f5es necess\u00e1rias para que todos possam praticar o seu desporto favorito.\u201d<\/p>\n\n\n\n<p class=\"wp-block-paragraph\">A assinatura destes contratos ter\u00e1 lugar no dia 2 de abril, pelas 21h00, no F\u00f3rum Municipal Rodrigues Sampaio.<\/p>\n\n\n\n<p class=\"wp-block-paragraph\">Rui Losa, Vereador do Desporto, explica que o aumento do investimento se deve ao \u201ccrescimento do n\u00famero de praticantes, \u00e0 manuten\u00e7\u00e3o das infraestruturas, ao apoio a eventos e ao maior n\u00famero de atletas com necessidades especiais\u201d.<\/p>\n\n\n\n<p class=\"wp-block-paragraph\">Nos Contratos Programa as medidas incluem a isen\u00e7\u00e3o de taxas de inscri\u00e7\u00e3o e seguros para atletas dos escal\u00f5es de forma\u00e7\u00e3o nas competi\u00e7\u00f5es federadas, assim como o apoio \u00e0 participa\u00e7\u00e3o em campeonatos concelhios e atividades desportivas; o apoio a projetos junto de popula\u00e7\u00f5es com necessidades educativas especiais e \u00e0 integra\u00e7\u00e3o de crian\u00e7as e jovens indicados pela Comiss\u00e3o de Prote\u00e7\u00e3o de Crian\u00e7as e Jovens em risco e o apoio \u00e0 aquisi\u00e7\u00e3o de equipamentos e material desportivo, forma\u00e7\u00e3o e contrata\u00e7\u00e3o de t\u00e9cnicos e realiza\u00e7\u00e3o de atividades desportivas regulares.<\/p>\n\n\n\n<p class=\"wp-block-paragraph\">Os apoios cobrem a pr\u00e1tica desportiva federada e n\u00e3o federada, a organiza\u00e7\u00e3o de torneios e encontros desportivos, o desporto adaptado, o desporto escolar, o transporte de atletas, bem como o aluguer e gest\u00e3o de instala\u00e7\u00f5es. No total, ser\u00e3o apoiados 2.108 atletas de 15 modalidades, incluindo futebol, canoagem, equita\u00e7\u00e3o, h\u00f3quei em patins, patinagem art\u00edstica, andebol, atletismo, basquetebol, basquetebol adaptado, badminton, voleibol, vela, karat\u00e9, taekwondo e motociclismo.<\/p>\n\n\n\n<p class=\"wp-block-paragraph\">Os clubes e associa\u00e7\u00f5es beneficiados com os apoios incluem entidades como a ACARF \u2013 Associa\u00e7\u00e3o Cultural Art\u00edstica e Recreativa de Forj\u00e3es, ADRC Criaz, \u00c1guias Serpa Pinto, Antas Futebol Clube, Associa\u00e7\u00e3o Desportiva Esposende, Esposende Basket Clube, Clube de Futebol F\u00e3o, H\u00f3quei Clube de F\u00e3o, entre outros. Ser\u00e3o tamb\u00e9m firmados protocolos de desenvolvimento desportivo com a Federa\u00e7\u00e3o Portuguesa de Basquetebol, a Associa\u00e7\u00e3o de Atletismo de Braga, a Associa\u00e7\u00e3o de Basquetebol de Braga, entre outras.<\/p>\n\n\n\n<p class=\"wp-block-paragraph\">A C\u00e2mara Municipal de Esposende, com o lema \u201cEsposende, Naturalmente \u00e9 Desporto\u201d, reconhece e valoriza o papel fundamental das associa\u00e7\u00f5es e clubes desportivos na promo\u00e7\u00e3o de estilos de vida saud\u00e1veis e no desenvolvimento da comunidade. As associa\u00e7\u00f5es desempenham um papel essencial na forma\u00e7\u00e3o e no desenvolvimento social, educacional e competitivo da popula\u00e7\u00e3o local, especialmente dos mais jovens.<\/p>\n\n\n\n<p class=\"wp-block-paragraph\">A C\u00e2mara Municipal destaca ainda o trabalho das dire\u00e7\u00f5es associativas, que, de forma altru\u00edsta e volunt\u00e1ria, garantem a vitalidade do associativismo desportivo no concelho, com especial foco na vertente formativa e educativa. Este esfor\u00e7o \u00e9 resultado de uma colabora\u00e7\u00e3o ativa e cont\u00ednua entre a autarquia, os clubes e as associa\u00e7\u00f5es, sendo este modelo de parceria fundamental para o sucesso e crescimento do desporto em Esposende.<\/p>\n","protected":false},"excerpt":{"rendered":"<p>O Munic\u00edpio de Esposende ir\u00e1 investir, na atual \u00e9poca desportiva, um montante superior a 458 mil euros (458.310\u20ac) no apoio \u00e0s associa\u00e7\u00f5es e clubes desportivos do concelho, representando um incremento de 78.777\u20ac em compara\u00e7\u00e3o com a \u00e9poca anterior. O investimento beneficiar\u00e1 35 associa\u00e7\u00f5es desportivas, abrangendo 15 modalidades distintas. Este apoio, aprovado em reuni\u00e3o do Executivo [&hellip;]<\/p>\n","protected":false},"author":3,"featured_media":249,"comment_status":"open","ping_status":"open","sticky":false,"template":"","format":"standard","meta":{"footnotes":"","jetpack_publicize_message":"","jetpack_publicize_feature_enabled":true,"jetpack_social_post_already_shared":false,"jetpack_social_options":{"image_generator_settings":{"template":"highway","default_image_id":0,"font":"","enabled":false},"version":2}},"categories":[134],"tags":[],"class_list":["post-332","post","type-post","status-publish","format-standard","has-post-thumbnail","category-arquivo"],"jetpack_publicize_connections":[],"_links":{"self":[{"href":"https:\/\/noticiasdeesposende.pt\/index.php?rest_route=\/wp\/v2\/posts\/332","targetHints":{"allow":["GET"]}}],"collection":[{"href":"https:\/\/noticiasdeesposende.pt\/index.php?rest_route=\/wp\/v2\/posts"}],"about":[{"href":"https:\/\/noticiasdeesposende.pt\/index.php?rest_route=\/wp\/v2\/types\/post"}],"author":[{"embeddable":true,"href":"https:\/\/noticiasdeesposende.pt\/index.php?rest_route=\/wp\/v2\/users\/3"}],"replies":[{"embeddable":true,"href":"https:\/\/noticiasdeesposende.pt\/index.php?rest_route=%2Fwp%2Fv2%2Fcomments&post=332"}],"version-history":[{"count":1,"href":"https:\/\/noticiasdeesposende.pt\/index.php?rest_route=\/wp\/v2\/posts\/332\/revisions"}],"predecessor-version":[{"id":745,"href":"https:\/\/noticiasdeesposende.pt\/index.php?rest_route=\/wp\/v2\/posts\/332\/revisions\/745"}],"wp:attachment":[{"href":"https:\/\/noticiasdeesposende.pt\/index.php?rest_route=%2Fwp%2Fv2%2Fmedia&parent=332"}],"wp:term":[{"taxonomy":"category","embeddable":true,"href":"https:\/\/noticiasdeesposende.pt\/index.php?rest_route=%2Fwp%2Fv2%2Fcategories&post=332"},{"taxonomy":"post_tag","embeddable":true,"href":"https:\/\/noticiasdeesposende.pt\/index.php?rest_route=%2Fwp%2Fv2%2Ftags&post=332"}],"curies":[{"name":"wp","href":"https:\/\/api.w.org\/{rel}","templated":true}]}}