{"id":333,"date":"2025-04-01T12:32:13","date_gmt":"2025-04-01T12:32:13","guid":{"rendered":"https:\/\/noticiasdeesposende.pt\/?p=251"},"modified":"2026-08-25T15:48:31","modified_gmt":"2026-08-25T15:48:31","slug":"ix-trail-de-esposende-atraiu-cerca-de-1000-atletas-ao-castro-de-s-lourenco","status":"publish","type":"post","link":"https:\/\/noticiasdeesposende.pt\/?p=333","title":{"rendered":"IX Trail de Esposende atraiu cerca de 1000 atletas ao Castro de S. Louren\u00e7o"},"content":{"rendered":"\n<p class=\"wp-block-paragraph\">A IX edi\u00e7\u00e3o do Trail de Esposende, organizada pela C\u00e2mara Municipal de Esposende em colabora\u00e7\u00e3o com diversas associa\u00e7\u00f5es locais, atraiu no passado dia 23 de mar\u00e7o, domingo, cerca de 1000 atletas ao concelho. Sob o lema \u201cTrilhos com mais de 2000 anos\u201d e tendo como tema central a heran\u00e7a galaica da regi\u00e3o, o evento foi uma verdadeira celebra\u00e7\u00e3o da combina\u00e7\u00e3o entre desporto e patrim\u00f3nio, com o objetivo de promover tanto a pr\u00e1tica desportiva, como a rica hist\u00f3ria e paisagens do munic\u00edpio.<\/p>\n\n\n\n<p class=\"wp-block-paragraph\">O Castro de S. Louren\u00e7o, em Vila Ch\u00e3, foi o ponto de partida para os participantes, com os percursos a atravessarem a deslumbrante Arriba F\u00f3ssil de Esposende. O evento contou com quatro provas, adaptadas a diferentes faixas et\u00e1rias e n\u00edveis de dificuldade: a Caminhada de 10 km, o Trail Jovem de 14 km, o Trail Sprint de 20 km e o Trail Principal de 32 km.<\/p>\n\n\n\n<p class=\"wp-block-paragraph\"><strong>Trail Jovem (14 km):<\/strong><\/p>\n\n\n\n<ul class=\"wp-block-list\">\n<li><strong>Masculino:<\/strong><br>1\u00ba lugar: Nelson Loureiro (Pegasus OCR ProTeam) \u2013 1:26:00<br>2\u00ba lugar: Leonel Barros (Vizela Corre) \u2013 1:29:30<br>3\u00ba lugar: Luciano Faria (GD Castelense) \u2013 1:31:11<\/li>\n\n\n\n<li><strong>Feminino:<\/strong><br>1\u00ba lugar: Teresa Santo \u2013 2:02:32<br>2\u00ba lugar: Tila Cerqueira (Embarca Running) \u2013 2:04:48<br>3\u00ba lugar: Patricia Sousa \u2013 2:05:36<\/li>\n<\/ul>\n\n\n\n<p class=\"wp-block-paragraph\"><strong>Trail Sprint (20 km):<\/strong><\/p>\n\n\n\n<ul class=\"wp-block-list\">\n<li><strong>Masculino:<\/strong><br>1\u00ba lugar: Am\u00e2ndio Ferreira (Quebraritmo) \u2013 2:01:35<br>2\u00ba lugar: Marco Santos (365 RP) \u2013 2:02:34<br>3\u00ba lugar: Tiago Pinheiro (AD Marco 09) \u2013 2:05:08<\/li>\n\n\n\n<li><strong>Feminino:<\/strong><br>1\u00ba lugar: Joana Fernandes (Akuafit) \u2013 2:28:11<br>2\u00ba lugar: Paula Oliveira (Quebraritmo) \u2013 2:45:33<br>3\u00ba lugar: Ana Freitas (365 RP) \u2013 2:49:04<\/li>\n<\/ul>\n\n\n\n<p class=\"wp-block-paragraph\"><strong>Trail Principal (32 km):<\/strong><\/p>\n\n\n\n<ul class=\"wp-block-list\">\n<li><strong>Masculino:<\/strong><br>1\u00ba lugar: S\u00e9rgio S\u00e1 (\u00c1guias de Alvelos) \u2013 3:03:54<br>2\u00ba lugar: Claudio Araujo (Quebraritmo) \u2013 3:09:48<br>3\u00ba lugar: Nuno Costa (365 RP) \u2013 3:10:21<\/li>\n\n\n\n<li><strong>Feminino:<\/strong><br>1\u00ba lugar: Ceu Fernandes (Vit\u00f3ria Sport Clube) \u2013 3:53:08<br>2\u00ba lugar: Andreia Rocha (DRGN) \u2013 3:54:31<br>3\u00ba lugar: Susana Alves (DRGN) \u2013 4:04:19<\/li>\n<\/ul>\n","protected":false},"excerpt":{"rendered":"<p>A IX edi\u00e7\u00e3o do Trail de Esposende, organizada pela C\u00e2mara Municipal de Esposende em colabora\u00e7\u00e3o com diversas associa\u00e7\u00f5es locais, atraiu no passado dia 23 de mar\u00e7o, domingo, cerca de 1000 atletas ao concelho. Sob o lema \u201cTrilhos com mais de 2000 anos\u201d e tendo como tema central a heran\u00e7a galaica da regi\u00e3o, o evento foi [&hellip;]<\/p>\n","protected":false},"author":3,"featured_media":252,"comment_status":"open","ping_status":"open","sticky":false,"template":"","format":"standard","meta":{"footnotes":"","jetpack_publicize_message":"","jetpack_publicize_feature_enabled":true,"jetpack_social_post_already_shared":false,"jetpack_social_options":{"image_generator_settings":{"template":"highway","default_image_id":0,"font":"","enabled":false},"version":2}},"categories":[134],"tags":[],"class_list":["post-333","post","type-post","status-publish","format-standard","has-post-thumbnail","category-arquivo"],"jetpack_publicize_connections":[],"_links":{"self":[{"href":"https:\/\/noticiasdeesposende.pt\/index.php?rest_route=\/wp\/v2\/posts\/333","targetHints":{"allow":["GET"]}}],"collection":[{"href":"https:\/\/noticiasdeesposende.pt\/index.php?rest_route=\/wp\/v2\/posts"}],"about":[{"href":"https:\/\/noticiasdeesposende.pt\/index.php?rest_route=\/wp\/v2\/types\/post"}],"author":[{"embeddable":true,"href":"https:\/\/noticiasdeesposende.pt\/index.php?rest_route=\/wp\/v2\/users\/3"}],"replies":[{"embeddable":true,"href":"https:\/\/noticiasdeesposende.pt\/index.php?rest_route=%2Fwp%2Fv2%2Fcomments&post=333"}],"version-history":[{"count":1,"href":"https:\/\/noticiasdeesposende.pt\/index.php?rest_route=\/wp\/v2\/posts\/333\/revisions"}],"predecessor-version":[{"id":744,"href":"https:\/\/noticiasdeesposende.pt\/index.php?rest_route=\/wp\/v2\/posts\/333\/revisions\/744"}],"wp:attachment":[{"href":"https:\/\/noticiasdeesposende.pt\/index.php?rest_route=%2Fwp%2Fv2%2Fmedia&parent=333"}],"wp:term":[{"taxonomy":"category","embeddable":true,"href":"https:\/\/noticiasdeesposende.pt\/index.php?rest_route=%2Fwp%2Fv2%2Fcategories&post=333"},{"taxonomy":"post_tag","embeddable":true,"href":"https:\/\/noticiasdeesposende.pt\/index.php?rest_route=%2Fwp%2Fv2%2Ftags&post=333"}],"curies":[{"name":"wp","href":"https:\/\/api.w.org\/{rel}","templated":true}]}}