{"id":334,"date":"2025-04-01T12:35:43","date_gmt":"2025-04-01T12:35:43","guid":{"rendered":"https:\/\/noticiasdeesposende.pt\/?p=254"},"modified":"2026-08-25T15:48:30","modified_gmt":"2026-08-25T15:48:30","slug":"oficinas-de-brinquedos-florestais-sensibilizaram-mais-novos-para-importancia-da-floresta","status":"publish","type":"post","link":"https:\/\/noticiasdeesposende.pt\/?p=334","title":{"rendered":"Oficinas de Brinquedos Florestais sensibilizaram mais novos para import\u00e2ncia da floresta"},"content":{"rendered":"\n<p class=\"wp-block-paragraph\">O Munic\u00edpio de Esposende e a Esposende Ambiente levaram a efeito mais uma edi\u00e7\u00e3o da Semana da \u00c1rvore, com o intuito de assinalar o Dia Internacional da \u00c1rvore\/Dia internacional da Floresta, que se comemorou no passado dia 21 de mar\u00e7o.<\/p>\n\n\n\n<p class=\"wp-block-paragraph\">No \u00e2mbito da iniciativa \u201cDia a Dia Pense Verde todo o Ano\u201d, entre os dias 17 a 21 de mar\u00e7o, foram realizadas Oficinas de Brinquedos florestais, que envolveram a participa\u00e7\u00e3o de aproximadamente 260 alunos que frequentam os estabelecimentos de ensino concelhios.<\/p>\n\n\n\n<p class=\"wp-block-paragraph\">De forma divertida foi lembrada a import\u00e2ncia da floresta, convidando os alunos a produzirem os seus pr\u00f3prios brinquedos com materiais ecol\u00f3gicos e totalmente gratuitos obtidos atrav\u00e9s de res\u00edduos da floresta. Para al\u00e9m de se estimular a motricidade e a capacidade criativa, a iniciativa possibilitou reavivar aquelas que eram as formas tradicionais de brincar, simples mas felizes.<\/p>\n","protected":false},"excerpt":{"rendered":"<p>O Munic\u00edpio de Esposende e a Esposende Ambiente levaram a efeito mais uma edi\u00e7\u00e3o da Semana da \u00c1rvore, com o intuito de assinalar o Dia Internacional da \u00c1rvore\/Dia internacional da Floresta, que se comemorou no passado dia 21 de mar\u00e7o. No \u00e2mbito da iniciativa \u201cDia a Dia Pense Verde todo o Ano\u201d, entre os dias [&hellip;]<\/p>\n","protected":false},"author":3,"featured_media":255,"comment_status":"open","ping_status":"open","sticky":false,"template":"","format":"standard","meta":{"footnotes":"","jetpack_publicize_message":"","jetpack_publicize_feature_enabled":true,"jetpack_social_post_already_shared":false,"jetpack_social_options":{"image_generator_settings":{"template":"highway","default_image_id":0,"font":"","enabled":false},"version":2}},"categories":[134],"tags":[],"class_list":["post-334","post","type-post","status-publish","format-standard","has-post-thumbnail","category-arquivo"],"jetpack_publicize_connections":[],"_links":{"self":[{"href":"https:\/\/noticiasdeesposende.pt\/index.php?rest_route=\/wp\/v2\/posts\/334","targetHints":{"allow":["GET"]}}],"collection":[{"href":"https:\/\/noticiasdeesposende.pt\/index.php?rest_route=\/wp\/v2\/posts"}],"about":[{"href":"https:\/\/noticiasdeesposende.pt\/index.php?rest_route=\/wp\/v2\/types\/post"}],"author":[{"embeddable":true,"href":"https:\/\/noticiasdeesposende.pt\/index.php?rest_route=\/wp\/v2\/users\/3"}],"replies":[{"embeddable":true,"href":"https:\/\/noticiasdeesposende.pt\/index.php?rest_route=%2Fwp%2Fv2%2Fcomments&post=334"}],"version-history":[{"count":1,"href":"https:\/\/noticiasdeesposende.pt\/index.php?rest_route=\/wp\/v2\/posts\/334\/revisions"}],"predecessor-version":[{"id":743,"href":"https:\/\/noticiasdeesposende.pt\/index.php?rest_route=\/wp\/v2\/posts\/334\/revisions\/743"}],"wp:attachment":[{"href":"https:\/\/noticiasdeesposende.pt\/index.php?rest_route=%2Fwp%2Fv2%2Fmedia&parent=334"}],"wp:term":[{"taxonomy":"category","embeddable":true,"href":"https:\/\/noticiasdeesposende.pt\/index.php?rest_route=%2Fwp%2Fv2%2Fcategories&post=334"},{"taxonomy":"post_tag","embeddable":true,"href":"https:\/\/noticiasdeesposende.pt\/index.php?rest_route=%2Fwp%2Fv2%2Ftags&post=334"}],"curies":[{"name":"wp","href":"https:\/\/api.w.org\/{rel}","templated":true}]}}