{"id":335,"date":"2025-04-01T12:41:04","date_gmt":"2025-04-01T12:41:04","guid":{"rendered":"https:\/\/noticiasdeesposende.pt\/?p=257"},"modified":"2026-08-25T15:48:30","modified_gmt":"2026-08-25T15:48:30","slug":"projeto-florescer-promove-inovacao-no-desenvolvimento-psicologico-e-social","status":"publish","type":"post","link":"https:\/\/noticiasdeesposende.pt\/?p=335","title":{"rendered":"Projeto Florescer promove inova\u00e7\u00e3o no desenvolvimento psicol\u00f3gico e social"},"content":{"rendered":"\n<p class=\"wp-block-paragraph\">No \u00e2mbito do Projeto Sucesso para Todos, uma iniciativa que resulta da candidatura do Munic\u00edpio de Esposende ao programa NORTE 2030 e que tem como objetivo garantir a igualdade de acesso aos servi\u00e7os de educa\u00e7\u00e3o, nasceu o Projeto Florescer. Este projeto inovador, focado na \u00e1rea da psicologia, visa o desenvolvimento de compet\u00eancias socioemocionais e cognitivas em alunos com medidas adicionais de suporte \u00e0 aprendizagem, incluindo jovens com Perturba\u00e7\u00e3o do Espectro do Autismo (PEA).<\/p>\n\n\n\n<p class=\"wp-block-paragraph\">O Projeto Sucesso para Todos (PST) tem como principal objetivo a implementa\u00e7\u00e3o de interven\u00e7\u00f5es preventivas nas escolas, promovendo o desenvolvimento de compet\u00eancias multifuncionais nos alunos. Estas interven\u00e7\u00f5es focam tanto no crescimento socioemocional quanto na aquisi\u00e7\u00e3o de literacias essenciais. O projeto visa tamb\u00e9m promover a integra\u00e7\u00e3o social e melhorar os n\u00edveis de motiva\u00e7\u00e3o e autoconfian\u00e7a dos alunos, contando com uma equipa multidisciplinar especializada na \u00e1rea da psicologia.<\/p>\n\n\n\n<p class=\"wp-block-paragraph\"><strong>Projeto Florescer: Uma Resposta Personalizada e Estruturada<\/strong><\/p>\n\n\n\n<p class=\"wp-block-paragraph\">O Projeto Florescer destaca-se pela sua abordagem diferenciada, alicer\u00e7ada nos mais recentes modelos de interven\u00e7\u00e3o psicopedag\u00f3gica e neuropsicol\u00f3gica. A metodologia adotada \u00e9 estruturada, mas flex\u00edvel, permitindo uma adapta\u00e7\u00e3o personalizada \u00e0s necessidades espec\u00edficas de cada aluno. Os objetivos principais s\u00e3o: estimular compet\u00eancias sociais e emocionais, promovendo a autonomia e o desenvolvimento de estrat\u00e9gias de autorregula\u00e7\u00e3o emocional; trabalhar a perce\u00e7\u00e3o e organiza\u00e7\u00e3o sensorial, fundamentais para a intera\u00e7\u00e3o com o meio envolvente e para a redu\u00e7\u00e3o da ansiedade; implementar estrat\u00e9gias de suporte psicol\u00f3gico estruturado, promovendo maior estabilidade emocional, refor\u00e7ar a interven\u00e7\u00e3o no contexto familiar, atrav\u00e9s da dinamiza\u00e7\u00e3o de grupos de apoio a cuidadores e familiares, criando uma rede de suporte essencial ao bem-estar global dos alunos.<\/p>\n\n\n\n<p class=\"wp-block-paragraph\">A Escola Secund\u00e1ria Henrique Medina, reconhecida pelo seu compromisso com a educa\u00e7\u00e3o inclusiva e inovadora, tem sido o palco ideal para a implementa\u00e7\u00e3o deste projeto, consolidando-se como uma refer\u00eancia no desenvolvimento de um modelo de ensino que respeita e valoriza as especificidades individuais dos alunos.<\/p>\n\n\n\n<p class=\"wp-block-paragraph\"><strong>Uma Abordagem Sensorial ao Desenvolvimento<\/strong><\/p>\n\n\n\n<p class=\"wp-block-paragraph\">No decorrer deste 2.\u00ba per\u00edodo letivo, os alunos participaram em atividades criativas, como a moldagem e pintura de flores em gesso, um exerc\u00edcio de estimula\u00e7\u00e3o sensorial e motora que combina a express\u00e3o criativa com o desenvolvimento emocional. O contacto com diferentes texturas e cores contribuiu para refor\u00e7ar a perce\u00e7\u00e3o sensorial, estimular a adapta\u00e7\u00e3o a novos est\u00edmulos e aplicar estrat\u00e9gias psicol\u00f3gicas essenciais para a regula\u00e7\u00e3o emocional.<\/p>\n\n\n\n<p class=\"wp-block-paragraph\">A utiliza\u00e7\u00e3o da criatividade como ferramenta terap\u00eautica revelou-se eficaz na promo\u00e7\u00e3o do bem-estar psicol\u00f3gico dos alunos, permitindo-lhes desenvolver compet\u00eancias de resili\u00eancia e express\u00e3o emocional num ambiente seguro e estruturado.<\/p>\n\n\n\n<p class=\"wp-block-paragraph\">O Projeto Florescer, dinamizado com o apoio da equipa multidisciplinar do PST, representa um modelo de interven\u00e7\u00e3o inovador que contribui significativamente para o crescimento e desenvolvimento integral dos alunos com PEA. Este projeto promove um ensino mais inclusivo e potencializa as capacidades de cada aluno.<\/p>\n\n\n\n<blockquote class=\"wp-block-quote is-layout-flow wp-block-quote-is-layout-flow\">\n<p class=\"wp-block-paragraph\"><em>&#8220;Que cada pequena conquista seja como uma semente, regada com dedica\u00e7\u00e3o e afeto, para que o florescer seja eterno no cora\u00e7\u00e3o de cada jovem.&#8221;<\/em><\/p>\n<\/blockquote>\n","protected":false},"excerpt":{"rendered":"<p>No \u00e2mbito do Projeto Sucesso para Todos, uma iniciativa que resulta da candidatura do Munic\u00edpio de Esposende ao programa NORTE 2030 e que tem como objetivo garantir a igualdade de acesso aos servi\u00e7os de educa\u00e7\u00e3o, nasceu o Projeto Florescer. Este projeto inovador, focado na \u00e1rea da psicologia, visa o desenvolvimento de compet\u00eancias socioemocionais e cognitivas [&hellip;]<\/p>\n","protected":false},"author":3,"featured_media":258,"comment_status":"open","ping_status":"open","sticky":false,"template":"","format":"standard","meta":{"footnotes":"","jetpack_publicize_message":"","jetpack_publicize_feature_enabled":true,"jetpack_social_post_already_shared":false,"jetpack_social_options":{"image_generator_settings":{"template":"highway","default_image_id":0,"font":"","enabled":false},"version":2}},"categories":[134],"tags":[],"class_list":["post-335","post","type-post","status-publish","format-standard","has-post-thumbnail","category-arquivo"],"jetpack_publicize_connections":[],"_links":{"self":[{"href":"https:\/\/noticiasdeesposende.pt\/index.php?rest_route=\/wp\/v2\/posts\/335","targetHints":{"allow":["GET"]}}],"collection":[{"href":"https:\/\/noticiasdeesposende.pt\/index.php?rest_route=\/wp\/v2\/posts"}],"about":[{"href":"https:\/\/noticiasdeesposende.pt\/index.php?rest_route=\/wp\/v2\/types\/post"}],"author":[{"embeddable":true,"href":"https:\/\/noticiasdeesposende.pt\/index.php?rest_route=\/wp\/v2\/users\/3"}],"replies":[{"embeddable":true,"href":"https:\/\/noticiasdeesposende.pt\/index.php?rest_route=%2Fwp%2Fv2%2Fcomments&post=335"}],"version-history":[{"count":1,"href":"https:\/\/noticiasdeesposende.pt\/index.php?rest_route=\/wp\/v2\/posts\/335\/revisions"}],"predecessor-version":[{"id":742,"href":"https:\/\/noticiasdeesposende.pt\/index.php?rest_route=\/wp\/v2\/posts\/335\/revisions\/742"}],"wp:featuredmedia":[{"embeddable":true,"href":"https:\/\/noticiasdeesposende.pt\/index.php?rest_route=\/wp\/v2\/pages\/258"}],"wp:attachment":[{"href":"https:\/\/noticiasdeesposende.pt\/index.php?rest_route=%2Fwp%2Fv2%2Fmedia&parent=335"}],"wp:term":[{"taxonomy":"category","embeddable":true,"href":"https:\/\/noticiasdeesposende.pt\/index.php?rest_route=%2Fwp%2Fv2%2Fcategories&post=335"},{"taxonomy":"post_tag","embeddable":true,"href":"https:\/\/noticiasdeesposende.pt\/index.php?rest_route=%2Fwp%2Fv2%2Ftags&post=335"}],"curies":[{"name":"wp","href":"https:\/\/api.w.org\/{rel}","templated":true}]}}