{"id":336,"date":"2025-04-01T12:49:18","date_gmt":"2025-04-01T12:49:18","guid":{"rendered":"https:\/\/noticiasdeesposende.pt\/?p=260"},"modified":"2026-08-25T15:48:30","modified_gmt":"2026-08-25T15:48:30","slug":"esposende-reforcou-apelo-ao-consumo-da-agua-da-torneira","status":"publish","type":"post","link":"https:\/\/noticiasdeesposende.pt\/?p=336","title":{"rendered":"Esposende refor\u00e7ou apelo ao consumo da \u00e1gua da torneira"},"content":{"rendered":"\n<p class=\"wp-block-paragraph\">O Dia Mundial da \u00c1gua, que se comemorou no passado dia 22 de mar\u00e7o, serviu de mote para o Municipio e a Esposende Ambiente convidarem a comunidade em geral a refletir sobre a import\u00e2ncia deste bem escasso e precioso. Este ano, esta efem\u00e9ride ambiental foi dedicada \u00e0 preserva\u00e7\u00e3o dos glaciares, que desempenham um papel vital na garantia de \u00e1gua pot\u00e1vel, agricultura, energia e manuten\u00e7\u00e3o dos ecossistemas globais.<\/p>\n\n\n\n<p class=\"wp-block-paragraph\">Assim, ao longo da semana, decorreram diversas atividades, como hist\u00f3rias dramatizadas, percursos interpretativos e visitas tem\u00e1ticas, que tiveram como foco o tema da \u00e1gua e a gest\u00e3o sustent\u00e1vel dos recursos h\u00eddricos, de modo a incentivar a consciencializa\u00e7\u00e3o das pessoas para a utiliza\u00e7\u00e3o eficiente deste recurso escasso e essencial \u00e0 vida.<\/p>\n\n\n\n<p class=\"wp-block-paragraph\">A data foi tamb\u00e9m aproveitada para dar continuidade \u00e0 campanha de promo\u00e7\u00e3o do consumo da \u00e1gua da torneira, com a oferta de garrafas de \u00e1gua reutiliz\u00e1veis (cantis) aos alunos que ingressaram, este ano letivo, no 5.\u00ba ano de escolaridade. Numa a\u00e7\u00e3o, simb\u00f3lica, a Vereadora da Educa\u00e7\u00e3o da C\u00e2mara Municipal de Esposende, Alexandra Vilar, e o Presidente do Conselho de Administra\u00e7\u00e3o da Esposende Ambiente, Paulo Marques, procederam, no dia 24 de mar\u00e7o, \u00e0 entrega de cantis e de um folheto informativo aos alunos das Escolas B\u00e1sica Ant\u00f3nio Rodrigues Sampaio e Ant\u00f3nio Correia de Oliveira, como incentivo ao consumo da \u00e1gua da rede p\u00fablica. Esta a\u00e7\u00e3o contou com o envolvimento de alunos e professores, que partilharam momentos e trabalhos relacionados com a tem\u00e1tica da \u00e1gua, e registou a participa\u00e7\u00e3o dos atletas ol\u00edmpicos Teresa Portela e Jo\u00e3o Ribeiro, os rostos da campanha de comunica\u00e7\u00e3o do projeto \u201cClaro como \u00c1gua\u201d, que ter\u00e1 continuidade em 2025. \u201c\u00c9 importante que a popula\u00e7\u00e3o saiba que a \u00e1gua da torneira \u00e9 segura, tem elevada qualidade e \u00e9 econ\u00f3mica e ambientalmente sustent\u00e1vel, permitindo a redu\u00e7\u00e3o da produ\u00e7\u00e3o de res\u00edduos de pl\u00e1stico\u201d, destacou Paulo Marques.<\/p>\n\n\n\n<p class=\"wp-block-paragraph\">A Esposende Ambiente procedeu ainda \u00e0 entrega de garrafas de \u00e1gua reutiliz\u00e1veis nas Escolas B\u00e1sicas de Forj\u00e3es e de Ap\u00falia e na Escola Profissional de Esposende.<\/p>\n","protected":false},"excerpt":{"rendered":"<p>O Dia Mundial da \u00c1gua, que se comemorou no passado dia 22 de mar\u00e7o, serviu de mote para o Municipio e a Esposende Ambiente convidarem a comunidade em geral a refletir sobre a import\u00e2ncia deste bem escasso e precioso. Este ano, esta efem\u00e9ride ambiental foi dedicada \u00e0 preserva\u00e7\u00e3o dos glaciares, que desempenham um papel vital [&hellip;]<\/p>\n","protected":false},"author":3,"featured_media":261,"comment_status":"open","ping_status":"open","sticky":false,"template":"","format":"standard","meta":{"footnotes":"","jetpack_publicize_message":"","jetpack_publicize_feature_enabled":true,"jetpack_social_post_already_shared":false,"jetpack_social_options":{"image_generator_settings":{"template":"highway","default_image_id":0,"font":"","enabled":false},"version":2}},"categories":[134],"tags":[],"class_list":["post-336","post","type-post","status-publish","format-standard","has-post-thumbnail","category-arquivo"],"jetpack_publicize_connections":[],"_links":{"self":[{"href":"https:\/\/noticiasdeesposende.pt\/index.php?rest_route=\/wp\/v2\/posts\/336","targetHints":{"allow":["GET"]}}],"collection":[{"href":"https:\/\/noticiasdeesposende.pt\/index.php?rest_route=\/wp\/v2\/posts"}],"about":[{"href":"https:\/\/noticiasdeesposende.pt\/index.php?rest_route=\/wp\/v2\/types\/post"}],"author":[{"embeddable":true,"href":"https:\/\/noticiasdeesposende.pt\/index.php?rest_route=\/wp\/v2\/users\/3"}],"replies":[{"embeddable":true,"href":"https:\/\/noticiasdeesposende.pt\/index.php?rest_route=%2Fwp%2Fv2%2Fcomments&post=336"}],"version-history":[{"count":1,"href":"https:\/\/noticiasdeesposende.pt\/index.php?rest_route=\/wp\/v2\/posts\/336\/revisions"}],"predecessor-version":[{"id":741,"href":"https:\/\/noticiasdeesposende.pt\/index.php?rest_route=\/wp\/v2\/posts\/336\/revisions\/741"}],"wp:attachment":[{"href":"https:\/\/noticiasdeesposende.pt\/index.php?rest_route=%2Fwp%2Fv2%2Fmedia&parent=336"}],"wp:term":[{"taxonomy":"category","embeddable":true,"href":"https:\/\/noticiasdeesposende.pt\/index.php?rest_route=%2Fwp%2Fv2%2Fcategories&post=336"},{"taxonomy":"post_tag","embeddable":true,"href":"https:\/\/noticiasdeesposende.pt\/index.php?rest_route=%2Fwp%2Fv2%2Ftags&post=336"}],"curies":[{"name":"wp","href":"https:\/\/api.w.org\/{rel}","templated":true}]}}