{"id":337,"date":"2025-04-01T13:41:55","date_gmt":"2025-04-01T13:41:55","guid":{"rendered":"https:\/\/noticiasdeesposende.pt\/?p=263"},"modified":"2026-08-25T15:48:05","modified_gmt":"2026-08-25T15:48:05","slug":"municipio-assume-custos-de-ampliacao-do-cemiterio-de-apulia","status":"publish","type":"post","link":"https:\/\/noticiasdeesposende.pt\/?p=337","title":{"rendered":"Munic\u00edpio assume custos de amplia\u00e7\u00e3o do cemit\u00e9rio de Ap\u00falia"},"content":{"rendered":"\n<p class=\"wp-block-paragraph\">A C\u00e2mara Municipal de Esposende vai assumir, integralmente, os custos das obras de amplia\u00e7\u00e3o do cemit\u00e9rio de Ap\u00falia, num investimento global de 150 mil euros. A decis\u00e3o foi tomada em reuni\u00e3o camar\u00e1ria, com o Executivo Municipal a aprovar, por unanimidade, a concess\u00e3o deste apoio financeiro \u00e0 Uni\u00e3o das Freguesias de Ap\u00falia e F\u00e3o, para a execu\u00e7\u00e3o da empreitada de amplia\u00e7\u00e3o do cemit\u00e9rio paroquial da vila de Ap\u00falia.<\/p>\n\n\n\n<p class=\"wp-block-paragraph\">A proposta, apresentada pelo Presidente da C\u00e2mara Municipal, Guilherme Em\u00edlio, surge como uma resposta \u00e0 necessidade urgente de resolver a escassez de sepulturas na freguesia de Ap\u00falia. Este investimento visa garantir condi\u00e7\u00f5es adequadas para a realiza\u00e7\u00e3o das cerim\u00f3nias f\u00fanebres, com respeito e humanidade.<\/p>\n\n\n\n<p class=\"wp-block-paragraph\">\u201cEsta amplia\u00e7\u00e3o do cemit\u00e9rio de Ap\u00falia \u00e9 um investimento fundamental para a nossa comunidade. Com este apoio, pretendemos garantir que as fam\u00edlias possam homenagear os seus entes queridos de forma digna e com a devida tranquilidade. O Munic\u00edpio de Esposende tem a responsabilidade de criar as condi\u00e7\u00f5es necess\u00e1rias para que todos os cidad\u00e3os se sintam respeitados, especialmente em momentos de perda e de luto\u201d, afirmou Guilherme Em\u00edlio, Presidente da C\u00e2mara Municipal de Esposende.<\/p>\n\n\n\n<p class=\"wp-block-paragraph\">Com esta medida, o Munic\u00edpio de Esposende refor\u00e7a o seu compromisso com o bem-estar da popula\u00e7\u00e3o, no \u00e2mbito do Regulamento Municipal de Apoio \u00e0s Juntas de Freguesia, e reafirma a sua estrat\u00e9gia de apoio ao desenvolvimento local. A amplia\u00e7\u00e3o do cemit\u00e9rio de Ap\u00falia insere-se no conjunto de iniciativas municipais voltadas \u00e0 constru\u00e7\u00e3o e conserva\u00e7\u00e3o de infraestruturas essenciais, com o objetivo de melhorar as condi\u00e7\u00f5es de vida e de seguran\u00e7a da comunidade.<\/p>\n\n\n\n<p class=\"wp-block-paragraph\">Este investimento reflete a cont\u00ednua aten\u00e7\u00e3o do Munic\u00edpio de Esposende \u00e0s necessidades da popula\u00e7\u00e3o e o empenho em garantir uma resposta eficaz e atempada a quest\u00f5es essenciais \u00e0 conviv\u00eancia e bem-estar dos cidad\u00e3os. A conclus\u00e3o da obra, com previs\u00e3o para os pr\u00f3ximos meses, ser\u00e1 um marco importante para a freguesia, refor\u00e7ando a infraestrutura local e promovendo maior conforto e dignidade \u00e0 popula\u00e7\u00e3o.<\/p>\n","protected":false},"excerpt":{"rendered":"<p>A C\u00e2mara Municipal de Esposende vai assumir, integralmente, os custos das obras de amplia\u00e7\u00e3o do cemit\u00e9rio de Ap\u00falia, num investimento global de 150 mil euros. A decis\u00e3o foi tomada em reuni\u00e3o camar\u00e1ria, com o Executivo Municipal a aprovar, por unanimidade, a concess\u00e3o deste apoio financeiro \u00e0 Uni\u00e3o das Freguesias de Ap\u00falia e F\u00e3o, para a [&hellip;]<\/p>\n","protected":false},"author":3,"featured_media":264,"comment_status":"open","ping_status":"open","sticky":false,"template":"","format":"standard","meta":{"footnotes":"","jetpack_publicize_message":"","jetpack_publicize_feature_enabled":true,"jetpack_social_post_already_shared":false,"jetpack_social_options":{"image_generator_settings":{"template":"highway","default_image_id":0,"font":"","enabled":false},"version":2}},"categories":[134],"tags":[],"class_list":["post-337","post","type-post","status-publish","format-standard","has-post-thumbnail","category-arquivo"],"jetpack_publicize_connections":[],"_links":{"self":[{"href":"https:\/\/noticiasdeesposende.pt\/index.php?rest_route=\/wp\/v2\/posts\/337","targetHints":{"allow":["GET"]}}],"collection":[{"href":"https:\/\/noticiasdeesposende.pt\/index.php?rest_route=\/wp\/v2\/posts"}],"about":[{"href":"https:\/\/noticiasdeesposende.pt\/index.php?rest_route=\/wp\/v2\/types\/post"}],"author":[{"embeddable":true,"href":"https:\/\/noticiasdeesposende.pt\/index.php?rest_route=\/wp\/v2\/users\/3"}],"replies":[{"embeddable":true,"href":"https:\/\/noticiasdeesposende.pt\/index.php?rest_route=%2Fwp%2Fv2%2Fcomments&post=337"}],"version-history":[{"count":1,"href":"https:\/\/noticiasdeesposende.pt\/index.php?rest_route=\/wp\/v2\/posts\/337\/revisions"}],"predecessor-version":[{"id":740,"href":"https:\/\/noticiasdeesposende.pt\/index.php?rest_route=\/wp\/v2\/posts\/337\/revisions\/740"}],"wp:featuredmedia":[{"embeddable":true,"href":"https:\/\/noticiasdeesposende.pt\/index.php?rest_route=\/wp\/v2\/pages\/264"}],"wp:attachment":[{"href":"https:\/\/noticiasdeesposende.pt\/index.php?rest_route=%2Fwp%2Fv2%2Fmedia&parent=337"}],"wp:term":[{"taxonomy":"category","embeddable":true,"href":"https:\/\/noticiasdeesposende.pt\/index.php?rest_route=%2Fwp%2Fv2%2Fcategories&post=337"},{"taxonomy":"post_tag","embeddable":true,"href":"https:\/\/noticiasdeesposende.pt\/index.php?rest_route=%2Fwp%2Fv2%2Ftags&post=337"}],"curies":[{"name":"wp","href":"https:\/\/api.w.org\/{rel}","templated":true}]}}