{"id":339,"date":"2025-04-01T13:55:19","date_gmt":"2025-04-01T13:55:19","guid":{"rendered":"https:\/\/noticiasdeesposende.pt\/?p=269"},"modified":"2026-08-25T15:48:05","modified_gmt":"2026-08-25T15:48:05","slug":"inscricoes-abertas-para-o-premio-literario-nortear-2025-uma-oportunidade-para-jovens-escritores-da-eurorregiao-galiza-norte-de-portugal","status":"publish","type":"post","link":"https:\/\/noticiasdeesposende.pt\/?p=339","title":{"rendered":"Inscri\u00e7\u00f5es abertas para o Pr\u00e9mio Liter\u00e1rio Nortear 2025: uma oportunidade para jovens escritores da Eurorregi\u00e3o Galiza \u2013 Norte de Portugal"},"content":{"rendered":"\n<p class=\"wp-block-paragraph\">A edi\u00e7\u00e3o de 2025 do Pr\u00e9mio Liter\u00e1rio Nortear encontra-se aberta, aceitando submiss\u00f5es de obras at\u00e9 ao dia 30 de junho. Dirigido a jovens escritores entre os 16 e os 36 anos, nascidos ou residentes na Galiza ou no Norte de Portugal, o pr\u00e9mio distingue obras originais em portugu\u00eas ou galego, com um m\u00ednimo de 5 mil e um m\u00e1ximo de 8 mil palavras. O vencedor ser\u00e1 premiado com tr\u00eas mil euros e ver\u00e1 a sua obra publicada em ambas as l\u00ednguas, refor\u00e7ando a coopera\u00e7\u00e3o cultural e a divulga\u00e7\u00e3o liter\u00e1ria transfronteiri\u00e7a.<\/p>\n\n\n\n<p class=\"wp-block-paragraph\">Criado em 2015, o Pr\u00e9mio Liter\u00e1rio Nortear \u00e9 uma iniciativa conjunta da Eurorregi\u00e3o Galiza &#8211; Norte de Portugal, AECT, da Conseller\u00eda de Cultura, Lingua e Xuventude da Xunta de Galicia e da CCDR-NORTE, IP. Desde ent\u00e3o, tem desempenhado um papel essencial na valoriza\u00e7\u00e3o da criatividade liter\u00e1ria e na descoberta de novos talentos.<\/p>\n\n\n\n<p class=\"wp-block-paragraph\"><strong>Uma Plataforma para Novos Talentos Liter\u00e1rios<\/strong><\/p>\n\n\n\n<p class=\"wp-block-paragraph\">Ao longo dos seus dez anos de exist\u00eancia, o Pr\u00e9mio Nortear recebeu cerca de 450 obras e revelou escritores emergentes da Eurorregi\u00e3o. Mais do que um concurso liter\u00e1rio, este pr\u00e9mio \u00e9 um exemplo not\u00e1vel de coopera\u00e7\u00e3o cultural entre a Galiza e o Norte de Portugal, incentivando a cria\u00e7\u00e3o liter\u00e1ria e promovendo a circula\u00e7\u00e3o de obras a n\u00edvel eurorregional.<\/p>\n\n\n\n<p class=\"wp-block-paragraph\">A sua continuidade ao longo da \u00faltima d\u00e9cada reafirma a identidade cultural partilhada entre os dois territ\u00f3rios e refor\u00e7a os la\u00e7os que os unem atrav\u00e9s da literatura.<\/p>\n\n\n\n<p class=\"wp-block-paragraph\"><strong>Como Participar<\/strong><\/p>\n\n\n\n<p class=\"wp-block-paragraph\">As candidaturas devem ser submetidas atrav\u00e9s da Plataforma Nortear (<a href=\"https:\/\/nortear.gnpaect.eu\/\" target=\"_blank\" rel=\"noreferrer noopener\">https:\/\/nortear.gnpaect.eu\/<\/a>) at\u00e9 30 de junho. Os textos devem ser originais, in\u00e9ditos e respeitar as normas lingu\u00edsticas estabelecidas: portugu\u00eas segundo o novo acordo ortogr\u00e1fico e galego segundo a normativa ortogr\u00e1fica vigente publicada pela Real Academia Galega.<\/p>\n\n\n\n<p class=\"wp-block-paragraph\"><strong>Uma Refer\u00eancia na Coopera\u00e7\u00e3o Cultural Europeia<\/strong><\/p>\n\n\n\n<p class=\"wp-block-paragraph\">O Projeto Nortear \u00e9 reconhecido como um polo cultural de refer\u00eancia na Europa em termos de coopera\u00e7\u00e3o transfronteiri\u00e7a. A iniciativa \u00e9 cofinanciada pela Uni\u00e3o Europeia atrav\u00e9s do Programa INTERREG 21-27 (POCTEP), refor\u00e7ando o compromisso com o desenvolvimento e a difus\u00e3o da cultura na Eurorregi\u00e3o Galiza &#8211; Norte de Portugal.<\/p>\n","protected":false},"excerpt":{"rendered":"<p>A edi\u00e7\u00e3o de 2025 do Pr\u00e9mio Liter\u00e1rio Nortear encontra-se aberta, aceitando submiss\u00f5es de obras at\u00e9 ao dia 30 de junho. Dirigido a jovens escritores entre os 16 e os 36 anos, nascidos ou residentes na Galiza ou no Norte de Portugal, o pr\u00e9mio distingue obras originais em portugu\u00eas ou galego, com um m\u00ednimo de 5 [&hellip;]<\/p>\n","protected":false},"author":3,"featured_media":270,"comment_status":"open","ping_status":"open","sticky":false,"template":"","format":"standard","meta":{"footnotes":"","jetpack_publicize_message":"","jetpack_publicize_feature_enabled":true,"jetpack_social_post_already_shared":false,"jetpack_social_options":{"image_generator_settings":{"template":"highway","default_image_id":0,"font":"","enabled":false},"version":2}},"categories":[134],"tags":[72,71,74],"class_list":["post-339","post","type-post","status-publish","format-standard","has-post-thumbnail","category-arquivo","tag-ccdr-norte","tag-literatura","tag-premio-literario-nortear"],"jetpack_publicize_connections":[],"_links":{"self":[{"href":"https:\/\/noticiasdeesposende.pt\/index.php?rest_route=\/wp\/v2\/posts\/339","targetHints":{"allow":["GET"]}}],"collection":[{"href":"https:\/\/noticiasdeesposende.pt\/index.php?rest_route=\/wp\/v2\/posts"}],"about":[{"href":"https:\/\/noticiasdeesposende.pt\/index.php?rest_route=\/wp\/v2\/types\/post"}],"author":[{"embeddable":true,"href":"https:\/\/noticiasdeesposende.pt\/index.php?rest_route=\/wp\/v2\/users\/3"}],"replies":[{"embeddable":true,"href":"https:\/\/noticiasdeesposende.pt\/index.php?rest_route=%2Fwp%2Fv2%2Fcomments&post=339"}],"version-history":[{"count":1,"href":"https:\/\/noticiasdeesposende.pt\/index.php?rest_route=\/wp\/v2\/posts\/339\/revisions"}],"predecessor-version":[{"id":738,"href":"https:\/\/noticiasdeesposende.pt\/index.php?rest_route=\/wp\/v2\/posts\/339\/revisions\/738"}],"wp:featuredmedia":[{"embeddable":true,"href":"https:\/\/noticiasdeesposende.pt\/index.php?rest_route=\/wp\/v2\/menu-items\/270"}],"wp:attachment":[{"href":"https:\/\/noticiasdeesposende.pt\/index.php?rest_route=%2Fwp%2Fv2%2Fmedia&parent=339"}],"wp:term":[{"taxonomy":"category","embeddable":true,"href":"https:\/\/noticiasdeesposende.pt\/index.php?rest_route=%2Fwp%2Fv2%2Fcategories&post=339"},{"taxonomy":"post_tag","embeddable":true,"href":"https:\/\/noticiasdeesposende.pt\/index.php?rest_route=%2Fwp%2Fv2%2Ftags&post=339"}],"curies":[{"name":"wp","href":"https:\/\/api.w.org\/{rel}","templated":true}]}}