{"id":340,"date":"2025-04-01T14:02:09","date_gmt":"2025-04-01T14:02:09","guid":{"rendered":"https:\/\/noticiasdeesposende.pt\/?p=272"},"modified":"2026-08-25T15:48:05","modified_gmt":"2026-08-25T15:48:05","slug":"biblioteca-municipal-de-esposende-apresenta-a-arte-e-a-magia-dos-livros-pop-up","status":"publish","type":"post","link":"https:\/\/noticiasdeesposende.pt\/?p=340","title":{"rendered":"Biblioteca Municipal de Esposende apresenta \u201cA Arte e a Magia dos livros Pop-up\u201d"},"content":{"rendered":"\n<p class=\"wp-block-paragraph\">Como forma de assinar o Dia Internacional do Livro Infantil, que se comemora a 2 de abril, a Biblioteca Municipal Manuel de Boaventura, em Esposende, apresenta a exposi\u00e7\u00e3o \u201cA Arte e a Magia dos livros Pop-up\u201d.<\/p>\n\n\n\n<p class=\"wp-block-paragraph\">A mostra, que estar\u00e1 patente at\u00e9 ao dia 2 de maio, re\u00fane cerca de 30 livros \u201cpop-up\u201d, na sua maioria ingleses, outros em alem\u00e3o, espanhol e portugu\u00eas, provenientes de uma cole\u00e7\u00e3o particular.&nbsp; Al\u00e9m de livros de hist\u00f3rias tradicionais, como \u201cO Quebra-Noz\u201d, \u201cAlice no Pa\u00eds das Maravilhas\u201d, \u201cA Bela Adormecida\u201d, \u201cWinnie the Pooh\u201d, a exposi\u00e7\u00e3o conta como um conjunto de livros que remetem para a \u00e9poca vitoriana como o mercado, casas de bonecas e pal\u00e1cios de contos. Destaque para a reprodu\u00e7\u00e3o de \u201cLe Grand Cirque International\u201d, do ilustrador e contista alem\u00e3o Lottar Meggendofer, publicado em 1887, em Paris, que consiste numa tenda de circo com mais de quatrocentas figuras, uma orquestra, palha\u00e7os, acrobatas e equilibristas e a plateia e que \u00e9 uma das obras-primas dos livros \u201cPop-up\u201d.<\/p>\n\n\n\n<p class=\"wp-block-paragraph\">A Biblioteca Municipal proporciona visitas guiadas \u00e0 exposi\u00e7\u00e3o, mediante marca\u00e7\u00e3o pr\u00e9via, atrav\u00e9s do e-mail&nbsp;<a href=\"mailto:biblioteca.municipal@cm-esposende.pt\" target=\"_blank\" rel=\"noreferrer noopener\">biblioteca.municipal@cm-esposende.pt<\/a>&nbsp;ou do telefone 253 960&nbsp;181.<\/p>\n\n\n\n<p class=\"wp-block-paragraph\">Institu\u00eddo em 1967, o Dia Internacional do Livro Infantil comemora-se a dia 2 de abril, data de nascimento de Hans Christian Andersen, chamando a aten\u00e7\u00e3o para a import\u00e2ncia da leitura e para o papel fundamental dos livros para a inf\u00e2ncia.<\/p>\n\n\n\n<p class=\"wp-block-paragraph\"><strong>Breve hist\u00f3ria dos Livros \u201cPop-up\u201d<\/strong><\/p>\n\n\n\n<p class=\"wp-block-paragraph\">Os mais antigos livros pop-up datam da Idade M\u00e9dia e foram concebidos para facilitar a compreens\u00e3o de hist\u00f3rias religiosas, fen\u00f3menos naturais, livros de Astronomia e Medicina. Um dos mais conhecidos \u00e9 um volvelle (livro com c\u00edrculos girat\u00f3rios presos a eixos e colados sobre as p\u00e1ginas), manufaturado em 1250 por um monge beneditino ingl\u00eas chamado Watthew Paris (c. 1200 \u2013 1259). Esta obra tinha por objetivo relacionar as fases da lua e as esta\u00e7\u00f5es do ano aos feriados religiosos.<\/p>\n\n\n\n<p class=\"wp-block-paragraph\">Outra c\u00e9lebre obra pop-up, a Ars Magna Generalis, \u00e9 da autoria do escritor, poeta, fil\u00f3sofo e ocultista Ramon Llull, nascido em 1230. Foi concebida como uma m\u00e1quina l\u00f3gica, composta por c\u00edrculos girat\u00f3rios que &#8220;sorteavam&#8221; perguntas sobre variados temas relacionados com a religi\u00e3o e com as in\u00fameras combina\u00e7\u00f5es poss\u00edveis, inferia a resposta \u00e0s quest\u00f5es (certa\/errada).<\/p>\n\n\n\n<p class=\"wp-block-paragraph\">J\u00e1 no final da Idade M\u00e9dia e in\u00edcio do Renascimento, assistiu-se a uma evolu\u00e7\u00e3o deste g\u00e9nero de publica\u00e7\u00f5es com o aparecimento de manuais de medicina e astronomia que, na tentativa de aproximar a imagem ao real, usavam texturas e dobraduras para descrever as fases da lua ou disseca\u00e7\u00e3o de cad\u00e1veres. Exemplo destes manuais s\u00e3o o Calendarium, de Johannes Regiomontanus, publicado em 1476, em Veneza e o manual de anatomia Catoptrum Microcosmicum, de Johan Remmelin, publicado em 1619.<\/p>\n\n\n\n<p class=\"wp-block-paragraph\">No s\u00e9culo XVIII, surgem as f\u00e1bulas para crian\u00e7as pela m\u00e3o do editor ingl\u00eas John Newbery que as come\u00e7ou a publicar em formato pop-up e depressa se tornaram objeto de culto entre as classes mais abastadas de Fran\u00e7a e de Inglaterra.<\/p>\n\n\n\n<p class=\"wp-block-paragraph\">O aparecimento de imprensas mais modernas e de novas t\u00e9cnicas de dobradura no s\u00e9culo XIX proporcionou o aprimoramento da t\u00e9cnica pop-up e assistiu-se a um aumento exponencial deste tipo de livros, que se tornaram sofisticados objetos de informa\u00e7\u00e3o e at\u00e9 decora\u00e7\u00e3o. Como exemplo de uma obra-prima deste per\u00edodo podemos referir a Le Grand Cirque International, do ilustrador e contista alem\u00e3o Lottar Meggendofer, publicada em 1887, em Paris. Esta obra consiste numa tenda de circo com mais de quatrocentas figuras, uma orquestra, palha\u00e7os, acrobatas e equilibristas e a plateia.<\/p>\n\n\n\n<p class=\"wp-block-paragraph\">J\u00e1 no s\u00e9culo XX, mais precisamente em 1932, a editora americana Blue Ribbon Books registou e patenteou o termo Pop-up e, durante muito tempo, era a \u00fanica a comercializar este g\u00e9nero de livros. \u201cPop up\u201d (aparecer ou surgir em portugu\u00eas) \u00e9 o termo ingl\u00eas utilizado universalmente para designar livros em que a abertura de uma p\u00e1gina dupla provoca um movimento que faz com que elementos recortados e dobrados se levantem para formarem uma figura tridimensional. Reciprocamente, o fechar da p\u00e1gina faz colapsar a figura tridimensional, regressando o livro ao seu aspeto tradicional de c\u00f3dice fechado.<\/p>\n\n\n\n<p class=\"wp-block-paragraph\">Depois da Segunda Guerra Mundial, o termo Pop-up perdeu a patente e foi rapidamente adotado para todas as edi\u00e7\u00f5es constru\u00eddas com ilustra\u00e7\u00f5es em papel recortado que se erigiam automaticamente com um virar de p\u00e1gina.<\/p>\n\n\n\n<p class=\"wp-block-paragraph\">Hoje, os livros dobr\u00e1veis, verdadeiramente fascinantes pela engenharia de papel, manufatura exigente e capacidade sugestiva da imagina\u00e7\u00e3o de crian\u00e7as e adultos, alcan\u00e7aram uma not\u00e1vel sofistica\u00e7\u00e3o e continuam a deliciar crian\u00e7as e adultos.<\/p>\n","protected":false},"excerpt":{"rendered":"<p>Como forma de assinar o Dia Internacional do Livro Infantil, que se comemora a 2 de abril, a Biblioteca Municipal Manuel de Boaventura, em Esposende, apresenta a exposi\u00e7\u00e3o \u201cA Arte e a Magia dos livros Pop-up\u201d. A mostra, que estar\u00e1 patente at\u00e9 ao dia 2 de maio, re\u00fane cerca de 30 livros \u201cpop-up\u201d, na sua [&hellip;]<\/p>\n","protected":false},"author":3,"featured_media":273,"comment_status":"open","ping_status":"open","sticky":false,"template":"","format":"standard","meta":{"footnotes":"","jetpack_publicize_message":"","jetpack_publicize_feature_enabled":true,"jetpack_social_post_already_shared":false,"jetpack_social_options":{"image_generator_settings":{"template":"highway","default_image_id":0,"font":"","enabled":false},"version":2}},"categories":[134],"tags":[75],"class_list":["post-340","post","type-post","status-publish","format-standard","has-post-thumbnail","category-arquivo","tag-biblioteca-municipal-manuel-de-boaventura"],"jetpack_publicize_connections":[],"_links":{"self":[{"href":"https:\/\/noticiasdeesposende.pt\/index.php?rest_route=\/wp\/v2\/posts\/340","targetHints":{"allow":["GET"]}}],"collection":[{"href":"https:\/\/noticiasdeesposende.pt\/index.php?rest_route=\/wp\/v2\/posts"}],"about":[{"href":"https:\/\/noticiasdeesposende.pt\/index.php?rest_route=\/wp\/v2\/types\/post"}],"author":[{"embeddable":true,"href":"https:\/\/noticiasdeesposende.pt\/index.php?rest_route=\/wp\/v2\/users\/3"}],"replies":[{"embeddable":true,"href":"https:\/\/noticiasdeesposende.pt\/index.php?rest_route=%2Fwp%2Fv2%2Fcomments&post=340"}],"version-history":[{"count":1,"href":"https:\/\/noticiasdeesposende.pt\/index.php?rest_route=\/wp\/v2\/posts\/340\/revisions"}],"predecessor-version":[{"id":737,"href":"https:\/\/noticiasdeesposende.pt\/index.php?rest_route=\/wp\/v2\/posts\/340\/revisions\/737"}],"wp:featuredmedia":[{"embeddable":true,"href":"https:\/\/noticiasdeesposende.pt\/index.php?rest_route=\/wp\/v2\/menu-items\/273"}],"wp:attachment":[{"href":"https:\/\/noticiasdeesposende.pt\/index.php?rest_route=%2Fwp%2Fv2%2Fmedia&parent=340"}],"wp:term":[{"taxonomy":"category","embeddable":true,"href":"https:\/\/noticiasdeesposende.pt\/index.php?rest_route=%2Fwp%2Fv2%2Fcategories&post=340"},{"taxonomy":"post_tag","embeddable":true,"href":"https:\/\/noticiasdeesposende.pt\/index.php?rest_route=%2Fwp%2Fv2%2Ftags&post=340"}],"curies":[{"name":"wp","href":"https:\/\/api.w.org\/{rel}","templated":true}]}}