{"id":341,"date":"2025-04-01T14:07:33","date_gmt":"2025-04-01T14:07:33","guid":{"rendered":"https:\/\/noticiasdeesposende.pt\/?p=275"},"modified":"2026-08-25T15:48:05","modified_gmt":"2026-08-25T15:48:05","slug":"emprego-de-pessoas-com-ensino-superior-cresce-124-por-cento-no-norte","status":"publish","type":"post","link":"https:\/\/noticiasdeesposende.pt\/?p=341","title":{"rendered":"Emprego de pessoas com ensino superior cresce 12,4 por cento no Norte"},"content":{"rendered":"\n<p class=\"wp-block-paragraph\">O mercado de trabalho no Norte de Portugal apresenta sinais positivos, com um aumento significativo de 12,4% no emprego de pessoas com ensino superior no 4.\u00ba trimestre de 2024, em compara\u00e7\u00e3o com o mesmo per\u00edodo do ano anterior. Este acr\u00e9scimo representa 65.200 novos postos de trabalho, refletindo uma valoriza\u00e7\u00e3o crescente do ensino superior na Regi\u00e3o.<\/p>\n\n\n\n<p class=\"wp-block-paragraph\">Os dados est\u00e3o patentes no relat\u00f3rio trimestral \u201cNorte Conjuntura\u201d, lan\u00e7ado pela CCDR NORTE e que apresenta as tend\u00eancias da evolu\u00e7\u00e3o econ\u00f3mica na Regi\u00e3o.<\/p>\n\n\n\n<p class=\"wp-block-paragraph\">De acordo com a publica\u00e7\u00e3o que est\u00e1 dispon\u00edvel on-line em&nbsp;<a href=\"http:\/\/www.ccdr-n.pt\/norte-conjuntura\" target=\"_blank\" rel=\"noreferrer noopener\">www.ccdr-n.pt\/norte-conjuntura<\/a>, em termos gerais, a popula\u00e7\u00e3o empregada total no Norte tamb\u00e9m cresceu, registando um aumento de 2,1%, superando o crescimento nacional de 1,3%. Este desempenho sugere uma recupera\u00e7\u00e3o mais robusta do emprego na regi\u00e3o, destacando a resili\u00eancia do mercado de trabalho do Norte.<\/p>\n\n\n\n<p class=\"wp-block-paragraph\">Por sua vez, a taxa de desemprego foi de 6,9% no 4.\u00ba trimestre de 2024, uma redu\u00e7\u00e3o de 0,4 pontos percentuais em rela\u00e7\u00e3o ao mesmo per\u00edodo de 2023. No entanto, essa taxa ainda se mant\u00e9m acima da m\u00e9dia nacional, que \u00e9 de 6,7%.<\/p>\n\n\n\n<p class=\"wp-block-paragraph\">Al\u00e9m disso, o sal\u00e1rio l\u00edquido m\u00e9dio dos trabalhadores por conta de outrem no Norte cresceu 8,3% em termos reais, atingindo 1.117 euros. Em compara\u00e7\u00e3o, a varia\u00e7\u00e3o real a n\u00edvel nacional foi de 9,5%, com um sal\u00e1rio m\u00e9dio de 1.184 euros.<\/p>\n\n\n\n<p class=\"wp-block-paragraph\">As exporta\u00e7\u00f5es de bens do Norte tamb\u00e9m mostraram um crescimento de 1,8% no 4.\u00ba trimestre de 2024, abaixo do aumento de 4,0% observado em Portugal.<\/p>\n\n\n\n<p class=\"wp-block-paragraph\">No setor do turismo, as dormidas em estabelecimentos tur\u00edsticos na regi\u00e3o cresceram 7,9%, em compara\u00e7\u00e3o com o mesmo per\u00edodo de 2023, superando o aumento de 4,7% a n\u00edvel nacional.<\/p>\n\n\n\n<p class=\"wp-block-paragraph\">A infla\u00e7\u00e3o no Norte subiu para 2,9% no 4.\u00ba trimestre de 2024, acelerando em rela\u00e7\u00e3o aos 2,5% do trimestre anterior, enquanto a infla\u00e7\u00e3o nacional foi de 2,6%.<\/p>\n\n\n\n<p class=\"wp-block-paragraph\">No setor da constru\u00e7\u00e3o, os edif\u00edcios licenciados no Norte aumentaram 23,6% em compara\u00e7\u00e3o com o mesmo per\u00edodo do ano anterior, superando o crescimento nacional de 22,5%.&nbsp;<\/p>\n\n\n\n<p class=\"wp-block-paragraph\">Por fim, o valor dos novos empr\u00e9stimos \u00e0s empresas na regi\u00e3o cresceu 19,8%, apesar de uma ligeira redu\u00e7\u00e3o de 0,8% na d\u00edvida das empresas, principalmente devido a amortiza\u00e7\u00f5es.<\/p>\n\n\n\n<p class=\"wp-block-paragraph\">Estes dados indicam um panorama otimista para a economia do Norte, com um mercado de trabalho em recupera\u00e7\u00e3o e setores estrat\u00e9gicos a mostrarem crescimento. Os edif\u00edcios licenciados no Norte aumentaram 23,6% no 4\u00ba trimestre de 2024 face ao per\u00edodo hom\u00f3logo do ano transato, acima do crescimento a n\u00edvel nacional, que foi de 22,5%.<\/p>\n","protected":false},"excerpt":{"rendered":"<p>O mercado de trabalho no Norte de Portugal apresenta sinais positivos, com um aumento significativo de 12,4% no emprego de pessoas com ensino superior no 4.\u00ba trimestre de 2024, em compara\u00e7\u00e3o com o mesmo per\u00edodo do ano anterior. Este acr\u00e9scimo representa 65.200 novos postos de trabalho, refletindo uma valoriza\u00e7\u00e3o crescente do ensino superior na Regi\u00e3o. [&hellip;]<\/p>\n","protected":false},"author":3,"featured_media":276,"comment_status":"open","ping_status":"open","sticky":false,"template":"","format":"standard","meta":{"footnotes":"","jetpack_publicize_message":"","jetpack_publicize_feature_enabled":true,"jetpack_social_post_already_shared":false,"jetpack_social_options":{"image_generator_settings":{"template":"highway","default_image_id":0,"font":"","enabled":false},"version":2}},"categories":[134],"tags":[72,76],"class_list":["post-341","post","type-post","status-publish","format-standard","has-post-thumbnail","category-arquivo","tag-ccdr-norte","tag-emprego"],"jetpack_publicize_connections":[],"_links":{"self":[{"href":"https:\/\/noticiasdeesposende.pt\/index.php?rest_route=\/wp\/v2\/posts\/341","targetHints":{"allow":["GET"]}}],"collection":[{"href":"https:\/\/noticiasdeesposende.pt\/index.php?rest_route=\/wp\/v2\/posts"}],"about":[{"href":"https:\/\/noticiasdeesposende.pt\/index.php?rest_route=\/wp\/v2\/types\/post"}],"author":[{"embeddable":true,"href":"https:\/\/noticiasdeesposende.pt\/index.php?rest_route=\/wp\/v2\/users\/3"}],"replies":[{"embeddable":true,"href":"https:\/\/noticiasdeesposende.pt\/index.php?rest_route=%2Fwp%2Fv2%2Fcomments&post=341"}],"version-history":[{"count":1,"href":"https:\/\/noticiasdeesposende.pt\/index.php?rest_route=\/wp\/v2\/posts\/341\/revisions"}],"predecessor-version":[{"id":736,"href":"https:\/\/noticiasdeesposende.pt\/index.php?rest_route=\/wp\/v2\/posts\/341\/revisions\/736"}],"wp:featuredmedia":[{"embeddable":true,"href":"https:\/\/noticiasdeesposende.pt\/index.php?rest_route=\/wp\/v2\/menu-items\/276"}],"wp:attachment":[{"href":"https:\/\/noticiasdeesposende.pt\/index.php?rest_route=%2Fwp%2Fv2%2Fmedia&parent=341"}],"wp:term":[{"taxonomy":"category","embeddable":true,"href":"https:\/\/noticiasdeesposende.pt\/index.php?rest_route=%2Fwp%2Fv2%2Fcategories&post=341"},{"taxonomy":"post_tag","embeddable":true,"href":"https:\/\/noticiasdeesposende.pt\/index.php?rest_route=%2Fwp%2Fv2%2Ftags&post=341"}],"curies":[{"name":"wp","href":"https:\/\/api.w.org\/{rel}","templated":true}]}}