{"id":342,"date":"2025-04-02T11:37:20","date_gmt":"2025-04-02T11:37:20","guid":{"rendered":"https:\/\/noticiasdeesposende.pt\/?p=337"},"modified":"2026-08-25T15:48:04","modified_gmt":"2026-08-25T15:48:04","slug":"braga-um-dos-maiores-encenadores-portugueses-reune-artistas-internacionais-no-gnration-esta-quinta-feira","status":"publish","type":"post","link":"https:\/\/noticiasdeesposende.pt\/?p=342","title":{"rendered":"Braga: Um dos maiores encenadores portugueses re\u00fane artistas internacionais no gnration esta quinta-feira"},"content":{"rendered":"\n<p class=\"wp-block-paragraph\">No dia 3 de abril, \u00e0s 21h30, a&nbsp;<strong>blackbox do gnration<\/strong>&nbsp;ser\u00e1 palco de uma experi\u00eancia art\u00edstica intensa e visceral. Inserida no&nbsp;<strong>Ciclo Contrapeso da Companhia de Dan\u00e7a Arte Total<\/strong>, a performance&nbsp;<strong>FILM<\/strong>, dirigida pelo encenador&nbsp;<strong>Bruno Bravo<\/strong>, prop\u00f5e uma viagem imersiva inspirada no \u00fanico gui\u00e3o cinematogr\u00e1fico escrito por&nbsp;<strong>Samuel Beckett<\/strong>. Com a m\u00fasica envolvente de&nbsp;<strong>Miguel Pedro, Rafael Machado, Jorge Coelho e Rui Leal<\/strong>, e a performance arrebatadora de&nbsp;<strong>Lea Siebrecht<\/strong>, esta obra desafia os limites entre presen\u00e7a e aus\u00eancia, ilus\u00e3o e identidade.<\/p>\n\n\n\n<p class=\"wp-block-paragraph\"><strong>Um espet\u00e1culo para nos questionarmos&nbsp;<\/strong><\/p>\n\n\n\n<p class=\"wp-block-paragraph\">No escuro quase palp\u00e1vel, a tens\u00e3o cresce como um murm\u00fario antes da tempestade. A primeira batida vibra no espa\u00e7o como um eco de algo que se tenta recordar. A m\u00fasica de Miguel Pedro, Rafael Machado, Jorge Coelho e Rui Leal n\u00e3o \u00e9 apenas som; \u00e9 pulsa\u00e7\u00e3o, vibra\u00e7\u00e3o que atravessa o corpo e se aloja nos ossos. As sombras projetadas recortam silhuetas em movimento \u2013 s\u00e3o corpos ou mem\u00f3rias? A dan\u00e7a de Lea Siebrecht desafia a perce\u00e7\u00e3o, desenhando contornos fugidios entre presen\u00e7a e aus\u00eancia. Cada gesto \u00e9 um suspiro, cada pausa, um abismo. Cada movimento parece programado para evitar o encontro fatal com um espelho, um olhar curioso ou qualquer presen\u00e7a que o defina.&nbsp;<\/p>\n\n\n\n<p class=\"wp-block-paragraph\">Neste jogo de luz e sombra, de ser e n\u00e3o ser, os olhos do p\u00fablico tornam-se c\u00famplices da cena. O que vemos existe porque \u00e9 visto, ou apenas porque acreditamos que sim? A teoria do imaterialismo de Berkeley ecoa na mente enquanto a figura em palco luta contra o pr\u00f3prio reflexo, tentando escapar \u00e0 sua imagem como se dela dependesse a pr\u00f3pria exist\u00eancia. Mas h\u00e1 fuga poss\u00edvel de n\u00f3s mesmos? Som e sil\u00eancio, luz e sombra, presen\u00e7a e apagamento coexistem num jogo de tens\u00f5es, desafiando o espectador a confrontar a sua pr\u00f3pria identidade e consci\u00eancia.<\/p>\n\n\n\n<p class=\"wp-block-paragraph\"><strong>Uma experi\u00eancia existencialista para ser sentida<\/strong><\/p>\n\n\n\n<p class=\"wp-block-paragraph\">FILM \u00e9 uma experi\u00eancia para ser sentida. O espa\u00e7o, denso e carregado, respira em un\u00edssono com a pe\u00e7a. O sil\u00eancio n\u00e3o \u00e9 aus\u00eancia, mas sim a presen\u00e7a de algo maior, algo que se instala na mente e na pele. Cada fragmento desta experi\u00eancia convida \u00e0 contempla\u00e7\u00e3o e ao questionamento. N\u00e3o h\u00e1 respostas f\u00e1ceis \u2013 apenas a sensa\u00e7\u00e3o visceral de estar imerso num limiar entre o real e o ilus\u00f3rio.<\/p>\n\n\n\n<p class=\"wp-block-paragraph\">FILM n\u00e3o \u00e9 uma pe\u00e7a que se v\u00ea; \u00e9 uma pe\u00e7a que se sente. No final, h\u00e1 algo diferente na forma como se percebe o mundo \u2013 uma consci\u00eancia inquietante de que ser e parecer talvez sejam apenas duas faces de uma mesma ilus\u00e3o.<\/p>\n\n\n\n<p class=\"wp-block-paragraph\">Mais do que uma experi\u00eancia \u00e9 um espelho voltado para n\u00f3s, espectadores:&nbsp;<strong>se ningu\u00e9m nos v\u00ea, ainda somos reais?<\/strong>&nbsp;Assim como a personagem&nbsp;<strong>E<\/strong>&nbsp;de Beckett, somos confrontados com a nossa&nbsp;<strong>pr\u00f3pria interioridade<\/strong>, num jogo onde nem sempre se pode escapar ao olhar do outro \u2013 ou ao pr\u00f3prio olhar.<\/p>\n","protected":false},"excerpt":{"rendered":"<p>No dia 3 de abril, \u00e0s 21h30, a&nbsp;blackbox do gnration&nbsp;ser\u00e1 palco de uma experi\u00eancia art\u00edstica intensa e visceral. Inserida no&nbsp;Ciclo Contrapeso da Companhia de Dan\u00e7a Arte Total, a performance&nbsp;FILM, dirigida pelo encenador&nbsp;Bruno Bravo, prop\u00f5e uma viagem imersiva inspirada no \u00fanico gui\u00e3o cinematogr\u00e1fico escrito por&nbsp;Samuel Beckett. Com a m\u00fasica envolvente de&nbsp;Miguel Pedro, Rafael Machado, Jorge Coelho [&hellip;]<\/p>\n","protected":false},"author":3,"featured_media":338,"comment_status":"open","ping_status":"open","sticky":false,"template":"","format":"standard","meta":{"footnotes":"","jetpack_publicize_message":"","jetpack_publicize_feature_enabled":true,"jetpack_social_post_already_shared":false,"jetpack_social_options":{"image_generator_settings":{"template":"highway","default_image_id":0,"font":"","enabled":false},"version":2}},"categories":[134],"tags":[],"class_list":["post-342","post","type-post","status-publish","format-standard","has-post-thumbnail","category-arquivo"],"jetpack_publicize_connections":[],"_links":{"self":[{"href":"https:\/\/noticiasdeesposende.pt\/index.php?rest_route=\/wp\/v2\/posts\/342","targetHints":{"allow":["GET"]}}],"collection":[{"href":"https:\/\/noticiasdeesposende.pt\/index.php?rest_route=\/wp\/v2\/posts"}],"about":[{"href":"https:\/\/noticiasdeesposende.pt\/index.php?rest_route=\/wp\/v2\/types\/post"}],"author":[{"embeddable":true,"href":"https:\/\/noticiasdeesposende.pt\/index.php?rest_route=\/wp\/v2\/users\/3"}],"replies":[{"embeddable":true,"href":"https:\/\/noticiasdeesposende.pt\/index.php?rest_route=%2Fwp%2Fv2%2Fcomments&post=342"}],"version-history":[{"count":1,"href":"https:\/\/noticiasdeesposende.pt\/index.php?rest_route=\/wp\/v2\/posts\/342\/revisions"}],"predecessor-version":[{"id":735,"href":"https:\/\/noticiasdeesposende.pt\/index.php?rest_route=\/wp\/v2\/posts\/342\/revisions\/735"}],"wp:featuredmedia":[{"embeddable":true,"href":"https:\/\/noticiasdeesposende.pt\/index.php?rest_route=\/wp\/v2\/posts\/338"}],"wp:attachment":[{"href":"https:\/\/noticiasdeesposende.pt\/index.php?rest_route=%2Fwp%2Fv2%2Fmedia&parent=342"}],"wp:term":[{"taxonomy":"category","embeddable":true,"href":"https:\/\/noticiasdeesposende.pt\/index.php?rest_route=%2Fwp%2Fv2%2Fcategories&post=342"},{"taxonomy":"post_tag","embeddable":true,"href":"https:\/\/noticiasdeesposende.pt\/index.php?rest_route=%2Fwp%2Fv2%2Ftags&post=342"}],"curies":[{"name":"wp","href":"https:\/\/api.w.org\/{rel}","templated":true}]}}