{"id":343,"date":"2025-04-02T11:45:18","date_gmt":"2025-04-02T11:45:18","guid":{"rendered":"https:\/\/noticiasdeesposende.pt\/?p=340"},"modified":"2026-08-25T15:48:04","modified_gmt":"2026-08-25T15:48:04","slug":"esposende-assinala-mes-da-prevencao-dos-maus-tratos-na-infancia","status":"publish","type":"post","link":"https:\/\/noticiasdeesposende.pt\/?p=343","title":{"rendered":"Esposende assinala m\u00eas da Preven\u00e7\u00e3o dos Maus-Tratos na Inf\u00e2ncia"},"content":{"rendered":"\n<p class=\"wp-block-paragraph\">Pelo 10.\u00ba ano consecutivo, a Comiss\u00e3o de Prote\u00e7\u00e3o de Crian\u00e7as e Jovens de Esposende e a C\u00e2mara Municipal de Esposende associam-se \u00e0 campanha nacional de preven\u00e7\u00e3o dos Maus-Tratos na Inf\u00e2ncia, promovendo atividades de sensibiliza\u00e7\u00e3o junto da comunidade.<\/p>\n\n\n\n<p class=\"wp-block-paragraph\">Em Portugal, a campanha simbolizada pelo La\u00e7o Azul, \u00e9 amplamente divulgada por todo o territ\u00f3rio, por iniciativa da Comiss\u00e3o Nacional de Promo\u00e7\u00e3o dos Direitos e Prote\u00e7\u00e3o das Crian\u00e7as e Jovens e pelas 312 CPCJ existentes no pa\u00eds que realizam numerosas a\u00e7\u00f5es de sensibiliza\u00e7\u00e3o para a preven\u00e7\u00e3o contra os maus-tratos.<\/p>\n\n\n\n<p class=\"wp-block-paragraph\">Esta campanha anual sensibiliza para a preven\u00e7\u00e3o dos maus-tratos, pr\u00e1ticas muito lesivas para as crian\u00e7as que deixam marcas profundas no seu desenvolvimento. Os estudos revelam que os maus-tratos acontecem em diferentes contextos e s\u00e3o transversais a todos os estratos da popula\u00e7\u00e3o, revestindo muitas formas: neglig\u00eancia, abandono, maus-tratos f\u00edsicos e psicol\u00f3gicos, abuso sexual.<\/p>\n\n\n\n<p class=\"wp-block-paragraph\">Tendo como s\u00edmbolo um la\u00e7o azul e como slogan \u201cSerei o que me deres, que seja amor\u201d, esta campanha, visa chamar a aten\u00e7\u00e3o da comunidade para a necessidade de todos prevenirmos e combatermos os maus-tratos a que muitas crian\u00e7as s\u00e3o sujeitas.<\/p>\n\n\n\n<p class=\"wp-block-paragraph\">Portugal \u00e9 um dos pa\u00edses onde esta iniciativa tem maior express\u00e3o e dimens\u00e3o. Todos os anos, as CPCJ envolvem escolas, munic\u00edpios, associa\u00e7\u00f5es desportivas, dinamizando milhares de crian\u00e7as e adultos em atividades e a\u00e7\u00f5es de sensibiliza\u00e7\u00e3o.<\/p>\n\n\n\n<p class=\"wp-block-paragraph\">\u00c0 semelhan\u00e7a dos anos transatos, a CPCJ de Esposende, com a colabora\u00e7\u00e3o do Municipio, dos estabelecimentos de ensino, da GNR e de algumas IPSS locais, ir\u00e1 promover um conjunto de atividades com o objetivo de sensibilizar a comunidade para esta problem\u00e1tica.&nbsp;&nbsp;<\/p>\n\n\n\n<p class=\"wp-block-paragraph\">A edi\u00e7\u00e3o de 2025 ir\u00e1 contemplar a Ilumina\u00e7\u00e3o, a cor azul, de um edif\u00edcio ic\u00f3nico no concelho, desta vez, o Museu Mar\u00edtimo de Esposende.<\/p>\n\n\n\n<p class=\"wp-block-paragraph\">Ser\u00e3o publicadas mensagens alusivas \u00e0 campanha, em diversos suportes, realizadas duas a\u00e7\u00f5es de sensibiliza\u00e7\u00e3o sobre a preven\u00e7\u00e3o dos maus-tratos junto dos\/das alunos\/as da EB de Vila Ch\u00e3 e da EB de Rio Tinto, seguindo-se opera\u00e7\u00f5es stop, com a colabora\u00e7\u00e3o da GNR, no \u00e2mbito do programa Escola Segura, com a entrega, aos\/\u00e0s condutores\/as de um flyer alusivo \u00e0 campanha.<\/p>\n\n\n\n<p class=\"wp-block-paragraph\">A concluir a campanha, um La\u00e7o Azul Humano ser\u00e1 formado no dia 30 de abril, \u00e0s 11h30, na EB de F\u00e3o. Nas diferentes atividades a realizar ser\u00e3o distribu\u00eddos, \u00e0s crian\u00e7as participantes, panam\u00e1s e pulseiras alusivas \u00e0 campanha.<\/p>\n","protected":false},"excerpt":{"rendered":"<p>Pelo 10.\u00ba ano consecutivo, a Comiss\u00e3o de Prote\u00e7\u00e3o de Crian\u00e7as e Jovens de Esposende e a C\u00e2mara Municipal de Esposende associam-se \u00e0 campanha nacional de preven\u00e7\u00e3o dos Maus-Tratos na Inf\u00e2ncia, promovendo atividades de sensibiliza\u00e7\u00e3o junto da comunidade. Em Portugal, a campanha simbolizada pelo La\u00e7o Azul, \u00e9 amplamente divulgada por todo o territ\u00f3rio, por iniciativa da [&hellip;]<\/p>\n","protected":false},"author":3,"featured_media":341,"comment_status":"open","ping_status":"open","sticky":false,"template":"","format":"standard","meta":{"footnotes":"","jetpack_publicize_message":"","jetpack_publicize_feature_enabled":true,"jetpack_social_post_already_shared":false,"jetpack_social_options":{"image_generator_settings":{"template":"highway","default_image_id":0,"font":"","enabled":false},"version":2}},"categories":[134],"tags":[77,78,79],"class_list":["post-343","post","type-post","status-publish","format-standard","has-post-thumbnail","category-arquivo","tag-camara-municipal-de-esposende","tag-cpcj","tag-maus-tratos-na-infancia"],"jetpack_publicize_connections":[],"_links":{"self":[{"href":"https:\/\/noticiasdeesposende.pt\/index.php?rest_route=\/wp\/v2\/posts\/343","targetHints":{"allow":["GET"]}}],"collection":[{"href":"https:\/\/noticiasdeesposende.pt\/index.php?rest_route=\/wp\/v2\/posts"}],"about":[{"href":"https:\/\/noticiasdeesposende.pt\/index.php?rest_route=\/wp\/v2\/types\/post"}],"author":[{"embeddable":true,"href":"https:\/\/noticiasdeesposende.pt\/index.php?rest_route=\/wp\/v2\/users\/3"}],"replies":[{"embeddable":true,"href":"https:\/\/noticiasdeesposende.pt\/index.php?rest_route=%2Fwp%2Fv2%2Fcomments&post=343"}],"version-history":[{"count":1,"href":"https:\/\/noticiasdeesposende.pt\/index.php?rest_route=\/wp\/v2\/posts\/343\/revisions"}],"predecessor-version":[{"id":734,"href":"https:\/\/noticiasdeesposende.pt\/index.php?rest_route=\/wp\/v2\/posts\/343\/revisions\/734"}],"wp:featuredmedia":[{"embeddable":true,"href":"https:\/\/noticiasdeesposende.pt\/index.php?rest_route=\/wp\/v2\/posts\/341"}],"wp:attachment":[{"href":"https:\/\/noticiasdeesposende.pt\/index.php?rest_route=%2Fwp%2Fv2%2Fmedia&parent=343"}],"wp:term":[{"taxonomy":"category","embeddable":true,"href":"https:\/\/noticiasdeesposende.pt\/index.php?rest_route=%2Fwp%2Fv2%2Fcategories&post=343"},{"taxonomy":"post_tag","embeddable":true,"href":"https:\/\/noticiasdeesposende.pt\/index.php?rest_route=%2Fwp%2Fv2%2Ftags&post=343"}],"curies":[{"name":"wp","href":"https:\/\/api.w.org\/{rel}","templated":true}]}}