{"id":344,"date":"2025-04-02T11:49:06","date_gmt":"2025-04-02T11:49:06","guid":{"rendered":"https:\/\/noticiasdeesposende.pt\/?p=343"},"modified":"2026-08-25T15:48:04","modified_gmt":"2026-08-25T15:48:04","slug":"esposende-aproveita-montra-da-agro-para-promover-territorio-concelhio","status":"publish","type":"post","link":"https:\/\/noticiasdeesposende.pt\/?p=344","title":{"rendered":"Esposende aproveita montra da Agro para promover territ\u00f3rio concelhio"},"content":{"rendered":"\n<p class=\"wp-block-paragraph\">O Munic\u00edpio de Esposende vai participar na 57.\u00aa Agro &#8211; Feira Internacional de Agricultura, Pecu\u00e1ria e Alimenta\u00e7\u00e3o, que decorrer\u00e1 entre os dias 3 e 6 de abril, no Altice F\u00f3rum Braga.<\/p>\n\n\n\n<p class=\"wp-block-paragraph\">Numa estrat\u00e9gia que visa afirmar e valorizar o territ\u00f3rio no seu todo, Esposende vai promover as atividades econ\u00f3micas do concelho e a sua oferta tur\u00edstica, com particular enfoque no projeto ESlocal (Programa de incentivo \u00e0 produ\u00e7\u00e3o e consumo de produtos end\u00f3genos) e na iniciativa \u201cEsposende: O Robalo est\u00e1 aqui\u201d.<\/p>\n\n\n\n<p class=\"wp-block-paragraph\">Os objetivos desta representa\u00e7\u00e3o pautam-se, inequivocamente, pela demonstra\u00e7\u00e3o din\u00e2mica e informativa da oferta end\u00f3gena do concelho, vincadamente ligada quer ao mar e aos rios (gastronomia e atividades n\u00e1uticas), como \u00e0 terra, atrav\u00e9s da Rede Municipal de Percursos Pedestres e Rede de Miradouros.<\/p>\n\n\n\n<p class=\"wp-block-paragraph\">Como habitualmente, o Munic\u00edpio de Esposende conta com a colabora\u00e7\u00e3o dos parceiros do projeto ESlocal, atrav\u00e9s da representa\u00e7\u00e3o de produtores de vinhos verdes e cervejas artesanais, Lactic\u00ednios de Marinhas, Cooperativa Agr\u00edcola de Esposende, pastelarias, produtores de cogumelos e pastelaria tradicional.<\/p>\n\n\n\n<p class=\"wp-block-paragraph\">No decurso do evento, ser\u00e1 promovida a degusta\u00e7\u00e3o de produtos locais. estando igualmente previsto um show cooking, a realizar pela Escola Profissional de Esposende, no dia 3 de abril, pelas 18h15. Ser\u00e1 confecionada uma \u201cEsmagada com filete de robalo e esferifica\u00e7\u00e3o de algas\u201d, acompanhado por \u201cSangria de cerveja artesanal Coice\u201d e o vinho \u201cQuinta de Curvos &#8211; Loureiro\u201d, com degusta\u00e7\u00e3o de doce original: \u201cUm sonho de nabo com caldo de vinh\u00e3o\u201d, uma deliciosa cria\u00e7\u00e3o da institui\u00e7\u00e3o de ensino EPE.<\/p>\n\n\n\n<p class=\"wp-block-paragraph\">Esta a\u00e7\u00e3o promocional enquadra-se no Plano de A\u00e7\u00e3o para a Sustentabilidade, Crescimento e Competitividade do Turismo em Esposende \u2013 2023_2027, em linha com os Objetivos de Desenvolvimento Sustent\u00e1vel (ODS) da Agenda 2030 da ONU.<\/p>\n\n\n\n<p class=\"wp-block-paragraph\">A Agro \u00e9 uma das mais importantes feiras de agricultura do Noroeste Peninsular, sendo a mais importante feira de agricultura, pecu\u00e1ria e alimenta\u00e7\u00e3o do Norte de Portugal e a \u00fanica feira portuguesa a integrar a Eurasco \u2013 Federa\u00e7\u00e3o Europeia de Exposi\u00e7\u00f5es e Organizadores de Feiras Agr\u00edcolas.<\/p>\n","protected":false},"excerpt":{"rendered":"<p>O Munic\u00edpio de Esposende vai participar na 57.\u00aa Agro &#8211; Feira Internacional de Agricultura, Pecu\u00e1ria e Alimenta\u00e7\u00e3o, que decorrer\u00e1 entre os dias 3 e 6 de abril, no Altice F\u00f3rum Braga. Numa estrat\u00e9gia que visa afirmar e valorizar o territ\u00f3rio no seu todo, Esposende vai promover as atividades econ\u00f3micas do concelho e a sua oferta [&hellip;]<\/p>\n","protected":false},"author":3,"featured_media":344,"comment_status":"open","ping_status":"open","sticky":false,"template":"","format":"standard","meta":{"footnotes":"","jetpack_publicize_message":"","jetpack_publicize_feature_enabled":true,"jetpack_social_post_already_shared":false,"jetpack_social_options":{"image_generator_settings":{"template":"highway","default_image_id":0,"font":"","enabled":false},"version":2}},"categories":[134],"tags":[77,80,81,82],"class_list":["post-344","post","type-post","status-publish","format-standard","has-post-thumbnail","category-arquivo","tag-camara-municipal-de-esposende","tag-cooperativa-agricola-de-esposende","tag-escola-profissional-de-esposende","tag-lacticinios-das-marinhas"],"jetpack_publicize_connections":[],"_links":{"self":[{"href":"https:\/\/noticiasdeesposende.pt\/index.php?rest_route=\/wp\/v2\/posts\/344","targetHints":{"allow":["GET"]}}],"collection":[{"href":"https:\/\/noticiasdeesposende.pt\/index.php?rest_route=\/wp\/v2\/posts"}],"about":[{"href":"https:\/\/noticiasdeesposende.pt\/index.php?rest_route=\/wp\/v2\/types\/post"}],"author":[{"embeddable":true,"href":"https:\/\/noticiasdeesposende.pt\/index.php?rest_route=\/wp\/v2\/users\/3"}],"replies":[{"embeddable":true,"href":"https:\/\/noticiasdeesposende.pt\/index.php?rest_route=%2Fwp%2Fv2%2Fcomments&post=344"}],"version-history":[{"count":1,"href":"https:\/\/noticiasdeesposende.pt\/index.php?rest_route=\/wp\/v2\/posts\/344\/revisions"}],"predecessor-version":[{"id":733,"href":"https:\/\/noticiasdeesposende.pt\/index.php?rest_route=\/wp\/v2\/posts\/344\/revisions\/733"}],"wp:featuredmedia":[{"embeddable":true,"href":"https:\/\/noticiasdeesposende.pt\/index.php?rest_route=\/wp\/v2\/posts\/344"}],"wp:attachment":[{"href":"https:\/\/noticiasdeesposende.pt\/index.php?rest_route=%2Fwp%2Fv2%2Fmedia&parent=344"}],"wp:term":[{"taxonomy":"category","embeddable":true,"href":"https:\/\/noticiasdeesposende.pt\/index.php?rest_route=%2Fwp%2Fv2%2Fcategories&post=344"},{"taxonomy":"post_tag","embeddable":true,"href":"https:\/\/noticiasdeesposende.pt\/index.php?rest_route=%2Fwp%2Fv2%2Ftags&post=344"}],"curies":[{"name":"wp","href":"https:\/\/api.w.org\/{rel}","templated":true}]}}