{"id":378,"date":"2025-04-03T09:21:58","date_gmt":"2025-04-03T09:21:58","guid":{"rendered":"https:\/\/noticiasdeesposende.pt\/?p=378"},"modified":"2026-08-25T15:48:04","modified_gmt":"2026-08-25T15:48:04","slug":"carlos-sa-e-o-novo-presidente-da-zendensino","status":"publish","type":"post","link":"https:\/\/noticiasdeesposende.pt\/?p=378","title":{"rendered":"Carlos S\u00e1 \u00e9 o novo presidente da Zendensino"},"content":{"rendered":"\n<p class=\"wp-block-paragraph\">A C\u00e2mara Municipal de Esposende designou como representante do Munic\u00edpio e Presidente do Conselho de Administra\u00e7\u00e3o da Zendensino, Cooperativa de Interesse P\u00fablico de Responsabilidade Limitada, o professor Carlos Manuel Gomes de S\u00e1, atual presidente da Assembleia de Freguesia de Forj\u00e3es.<\/p>\n\n\n\n<p class=\"wp-block-paragraph\">Esta nomea\u00e7\u00e3o surge na sequ\u00eancia da ren\u00fancia de Jo\u00e3o Figueiredo, que havia assumido o cargo em junho passado e foi aprovada em reuni\u00e3o de c\u00e2mara, realizada esta manh\u00e3, nos Pa\u00e7os do Concelho.<\/p>\n","protected":false},"excerpt":{"rendered":"<p>A C\u00e2mara Municipal de Esposende designou como representante do Munic\u00edpio e Presidente do Conselho de Administra\u00e7\u00e3o da Zendensino, Cooperativa de Interesse P\u00fablico de Responsabilidade Limitada, o professor Carlos Manuel Gomes de S\u00e1, atual presidente da Assembleia de Freguesia de Forj\u00e3es. Esta nomea\u00e7\u00e3o surge na sequ\u00eancia da ren\u00fancia de Jo\u00e3o Figueiredo, que havia assumido o cargo [&hellip;]<\/p>\n","protected":false},"author":3,"featured_media":379,"comment_status":"open","ping_status":"open","sticky":false,"template":"","format":"standard","meta":{"footnotes":"","jetpack_publicize_message":"","jetpack_publicize_feature_enabled":true,"jetpack_social_post_already_shared":false,"jetpack_social_options":{"image_generator_settings":{"template":"highway","default_image_id":0,"font":"","enabled":false},"version":2}},"categories":[134],"tags":[77,83],"class_list":["post-378","post","type-post","status-publish","format-standard","has-post-thumbnail","category-arquivo","tag-camara-municipal-de-esposende","tag-zendensino"],"jetpack_publicize_connections":[],"_links":{"self":[{"href":"https:\/\/noticiasdeesposende.pt\/index.php?rest_route=\/wp\/v2\/posts\/378","targetHints":{"allow":["GET"]}}],"collection":[{"href":"https:\/\/noticiasdeesposende.pt\/index.php?rest_route=\/wp\/v2\/posts"}],"about":[{"href":"https:\/\/noticiasdeesposende.pt\/index.php?rest_route=\/wp\/v2\/types\/post"}],"author":[{"embeddable":true,"href":"https:\/\/noticiasdeesposende.pt\/index.php?rest_route=\/wp\/v2\/users\/3"}],"replies":[{"embeddable":true,"href":"https:\/\/noticiasdeesposende.pt\/index.php?rest_route=%2Fwp%2Fv2%2Fcomments&post=378"}],"version-history":[{"count":1,"href":"https:\/\/noticiasdeesposende.pt\/index.php?rest_route=\/wp\/v2\/posts\/378\/revisions"}],"predecessor-version":[{"id":732,"href":"https:\/\/noticiasdeesposende.pt\/index.php?rest_route=\/wp\/v2\/posts\/378\/revisions\/732"}],"wp:attachment":[{"href":"https:\/\/noticiasdeesposende.pt\/index.php?rest_route=%2Fwp%2Fv2%2Fmedia&parent=378"}],"wp:term":[{"taxonomy":"category","embeddable":true,"href":"https:\/\/noticiasdeesposende.pt\/index.php?rest_route=%2Fwp%2Fv2%2Fcategories&post=378"},{"taxonomy":"post_tag","embeddable":true,"href":"https:\/\/noticiasdeesposende.pt\/index.php?rest_route=%2Fwp%2Fv2%2Ftags&post=378"}],"curies":[{"name":"wp","href":"https:\/\/api.w.org\/{rel}","templated":true}]}}