{"id":382,"date":"2025-04-04T11:05:31","date_gmt":"2025-04-04T11:05:31","guid":{"rendered":"https:\/\/noticiasdeesposende.pt\/?p=382"},"modified":"2026-08-25T15:48:04","modified_gmt":"2026-08-25T15:48:04","slug":"rui-nova-apresenta-a-sua-autobiografia-sempre-no-ar-na-biblioteca-municipal-de-esposende","status":"publish","type":"post","link":"https:\/\/noticiasdeesposende.pt\/?p=382","title":{"rendered":"Rui Nova apresenta a sua Autobiografia \u201cSempre no Ar\u201d na Biblioteca Municipal de Esposende"},"content":{"rendered":"\n<p class=\"wp-block-paragraph\">No pr\u00f3ximo s\u00e1bado, dia 05 de abril de 2025, Rui Nova apresenta a sua Autobiografia \u201cSempre no Ar\u201d, pelas 16 horas, na Biblioteca Municipal de Esposende.<\/p>\n\n\n\n<p class=\"wp-block-paragraph\">Prestes a completar 40 anos de carreira na m\u00fasica e comunica\u00e7\u00e3o social, Rui Nova traz assim at\u00e9 n\u00f3s muitos dos epis\u00f3dios que viveu com gente mais e menos conhecida, numa pan\u00f3plia de um caminho de 40 anos na R\u00e1dio, M\u00fasica e Televis\u00e3o. Uma autobiografia que \u00e9 uma verdadeira viagem de montanha-russa no tempo, no espa\u00e7o e nas emo\u00e7\u00f5es, que conta com pref\u00e1cio de \u00c1lvaro Nazareth e posf\u00e1cio de Lu\u00eds Diamantino. A nota liter\u00e1ria \u00e9 de Ana Rita Costa.<\/p>\n","protected":false},"excerpt":{"rendered":"<p>No pr\u00f3ximo s\u00e1bado, dia 05 de abril de 2025, Rui Nova apresenta a sua Autobiografia \u201cSempre no Ar\u201d, pelas 16 horas, na Biblioteca Municipal de Esposende. Prestes a completar 40 anos de carreira na m\u00fasica e comunica\u00e7\u00e3o social, Rui Nova traz assim at\u00e9 n\u00f3s muitos dos epis\u00f3dios que viveu com gente mais e menos conhecida, [&hellip;]<\/p>\n","protected":false},"author":3,"featured_media":383,"comment_status":"open","ping_status":"open","sticky":false,"template":"","format":"standard","meta":{"footnotes":"","jetpack_publicize_message":"","jetpack_publicize_feature_enabled":true,"jetpack_social_post_already_shared":false,"jetpack_social_options":{"image_generator_settings":{"template":"highway","default_image_id":0,"font":"","enabled":false},"version":2}},"categories":[134],"tags":[75,71],"class_list":["post-382","post","type-post","status-publish","format-standard","has-post-thumbnail","category-arquivo","tag-biblioteca-municipal-manuel-de-boaventura","tag-literatura"],"jetpack_publicize_connections":[],"_links":{"self":[{"href":"https:\/\/noticiasdeesposende.pt\/index.php?rest_route=\/wp\/v2\/posts\/382","targetHints":{"allow":["GET"]}}],"collection":[{"href":"https:\/\/noticiasdeesposende.pt\/index.php?rest_route=\/wp\/v2\/posts"}],"about":[{"href":"https:\/\/noticiasdeesposende.pt\/index.php?rest_route=\/wp\/v2\/types\/post"}],"author":[{"embeddable":true,"href":"https:\/\/noticiasdeesposende.pt\/index.php?rest_route=\/wp\/v2\/users\/3"}],"replies":[{"embeddable":true,"href":"https:\/\/noticiasdeesposende.pt\/index.php?rest_route=%2Fwp%2Fv2%2Fcomments&post=382"}],"version-history":[{"count":1,"href":"https:\/\/noticiasdeesposende.pt\/index.php?rest_route=\/wp\/v2\/posts\/382\/revisions"}],"predecessor-version":[{"id":731,"href":"https:\/\/noticiasdeesposende.pt\/index.php?rest_route=\/wp\/v2\/posts\/382\/revisions\/731"}],"wp:attachment":[{"href":"https:\/\/noticiasdeesposende.pt\/index.php?rest_route=%2Fwp%2Fv2%2Fmedia&parent=382"}],"wp:term":[{"taxonomy":"category","embeddable":true,"href":"https:\/\/noticiasdeesposende.pt\/index.php?rest_route=%2Fwp%2Fv2%2Fcategories&post=382"},{"taxonomy":"post_tag","embeddable":true,"href":"https:\/\/noticiasdeesposende.pt\/index.php?rest_route=%2Fwp%2Fv2%2Ftags&post=382"}],"curies":[{"name":"wp","href":"https:\/\/api.w.org\/{rel}","templated":true}]}}