{"id":385,"date":"2025-04-04T11:20:01","date_gmt":"2025-04-04T11:20:01","guid":{"rendered":"https:\/\/noticiasdeesposende.pt\/?p=385"},"modified":"2026-08-25T15:48:04","modified_gmt":"2026-08-25T15:48:04","slug":"programa-cultural-para-ferias-da-pascoa-em-esposende","status":"publish","type":"post","link":"https:\/\/noticiasdeesposende.pt\/?p=385","title":{"rendered":"Programa cultural para F\u00e9rias da P\u00e1scoa em Esposende"},"content":{"rendered":"\n<p class=\"wp-block-paragraph\">O Munic\u00edpio de Esposende preparou um programa diferenciado e substancial, inteiramente dedicado aos alunos que decorrer\u00e1 nas f\u00e9rias da P\u00e1scoa. As propostas passam pela visita \u00e0s exposi\u00e7\u00f5es patentes nos museus Municipal, em Esposende e do Sarga\u00e7o, em Ap\u00falia e pela descoberta do Caminho dos Mareantes.<\/p>\n\n\n\n<p class=\"wp-block-paragraph\">O&nbsp;programa \u201cP\u00e1scoa nos Museus\u201925\u201d, prev\u00ea atividades para os dias 7, 9, 11, 14 e 16 de abril, entre as 10h30 e as 14h30, delineadas para a pausa letiva da P\u00e1scoa.<\/p>\n\n\n\n<p class=\"wp-block-paragraph\">No Museu Municipal, onde est\u00e1 patente a exposi\u00e7\u00e3o Urdir o Junco, a visita proposta aos participantes serve de inspira\u00e7\u00e3o para uma oficina especial que une o esp\u00edrito festivo \u00e0 tradi\u00e7\u00e3o. Dedicada a jovens com menos de 12 anos, a vista tem a dura\u00e7\u00e3o de uma hora.<\/p>\n\n\n\n<p class=\"wp-block-paragraph\">J\u00e1 a descoberta do \u201cCaminho dos Mareantes\u201d, caminhada pelo centro da cidade de Esposende, durante a qual os participantes ficar\u00e3o a conhecer algum do patrim\u00f3nio cultural, iniciando pelo edif\u00edcio do Museu Municipal de Esposende e incluindo a visita \u00e0 Capela dos Mareantes. Com dura\u00e7\u00e3o de uma hora, esta visita destina-se a menores de 12 anos.<\/p>\n\n\n\n<p class=\"wp-block-paragraph\">No Museu do Sarga\u00e7o, em Ap\u00falia, onde est\u00e1 patente a exposi\u00e7\u00e3o \u201cNossos Vizinhos Selvagens\u201d, da autoria de Palma Rio, as vistas aberta a p\u00fablico infantojuvenil e a fam\u00edlias, decorrer\u00e3o nos dias 8, 10, 15, 17 de abril, entre as&nbsp;10h30&nbsp;e&nbsp;14h30.<\/p>\n\n\n\n<p class=\"wp-block-paragraph\">Durante a visita ser\u00e1 proporcionado o visionamento de pequenos filmes do projeto \u201cMarou\u00e7os, o \u00faltimo ref\u00fagio\u201d, que servir\u00e3o de inspira\u00e7\u00e3o para uma atividade l\u00fadica.<\/p>\n\n\n\n<p class=\"wp-block-paragraph\">No final, o vencedor receber\u00e1 um livro e os participantes um miniguia das aves do estu\u00e1rio do C\u00e1vado e um marcador de livro.<\/p>\n","protected":false},"excerpt":{"rendered":"<p>O Munic\u00edpio de Esposende preparou um programa diferenciado e substancial, inteiramente dedicado aos alunos que decorrer\u00e1 nas f\u00e9rias da P\u00e1scoa. As propostas passam pela visita \u00e0s exposi\u00e7\u00f5es patentes nos museus Municipal, em Esposende e do Sarga\u00e7o, em Ap\u00falia e pela descoberta do Caminho dos Mareantes. O&nbsp;programa \u201cP\u00e1scoa nos Museus\u201925\u201d, prev\u00ea atividades para os dias 7, [&hellip;]<\/p>\n","protected":false},"author":3,"featured_media":386,"comment_status":"open","ping_status":"open","sticky":false,"template":"","format":"standard","meta":{"footnotes":"","jetpack_publicize_message":"","jetpack_publicize_feature_enabled":true,"jetpack_social_post_already_shared":false,"jetpack_social_options":{"image_generator_settings":{"template":"highway","default_image_id":0,"font":"","enabled":false},"version":2}},"categories":[134],"tags":[],"class_list":["post-385","post","type-post","status-publish","format-standard","has-post-thumbnail","category-arquivo"],"jetpack_publicize_connections":[],"_links":{"self":[{"href":"https:\/\/noticiasdeesposende.pt\/index.php?rest_route=\/wp\/v2\/posts\/385","targetHints":{"allow":["GET"]}}],"collection":[{"href":"https:\/\/noticiasdeesposende.pt\/index.php?rest_route=\/wp\/v2\/posts"}],"about":[{"href":"https:\/\/noticiasdeesposende.pt\/index.php?rest_route=\/wp\/v2\/types\/post"}],"author":[{"embeddable":true,"href":"https:\/\/noticiasdeesposende.pt\/index.php?rest_route=\/wp\/v2\/users\/3"}],"replies":[{"embeddable":true,"href":"https:\/\/noticiasdeesposende.pt\/index.php?rest_route=%2Fwp%2Fv2%2Fcomments&post=385"}],"version-history":[{"count":1,"href":"https:\/\/noticiasdeesposende.pt\/index.php?rest_route=\/wp\/v2\/posts\/385\/revisions"}],"predecessor-version":[{"id":730,"href":"https:\/\/noticiasdeesposende.pt\/index.php?rest_route=\/wp\/v2\/posts\/385\/revisions\/730"}],"wp:attachment":[{"href":"https:\/\/noticiasdeesposende.pt\/index.php?rest_route=%2Fwp%2Fv2%2Fmedia&parent=385"}],"wp:term":[{"taxonomy":"category","embeddable":true,"href":"https:\/\/noticiasdeesposende.pt\/index.php?rest_route=%2Fwp%2Fv2%2Fcategories&post=385"},{"taxonomy":"post_tag","embeddable":true,"href":"https:\/\/noticiasdeesposende.pt\/index.php?rest_route=%2Fwp%2Fv2%2Ftags&post=385"}],"curies":[{"name":"wp","href":"https:\/\/api.w.org\/{rel}","templated":true}]}}