{"id":391,"date":"2025-04-04T14:35:04","date_gmt":"2025-04-04T14:35:04","guid":{"rendered":"https:\/\/noticiasdeesposende.pt\/?p=391"},"modified":"2026-08-25T15:48:04","modified_gmt":"2026-08-25T15:48:04","slug":"camara-atribui-mais-de-100-000-euros-para-palmeira-de-faro-e-curvos-e-belinho-e-mar","status":"publish","type":"post","link":"https:\/\/noticiasdeesposende.pt\/?p=391","title":{"rendered":"C\u00e2mara atribui mais de 100\u00a0000 euros para Palmeira de Faro e Curvos e Belinho e Mar"},"content":{"rendered":"\n<p class=\"wp-block-paragraph\">O executivo municipal aprovou, em reuni\u00e3o de C\u00e2mara, apoios financeiros para as Juntas das Uni\u00f5es de Freguesias de Palmeira de Faro e Curvos, e de Belinho e Mar, no montante global de aproximadamente 100\u00a0000 euros.<\/p>\n\n\n\n<p class=\"wp-block-paragraph\">No caso de Palmeira de Faro e Curvos, foi concedido um apoio de 69.553,70 euros, para suportar as despesas inerentes aos trabalhos de substitui\u00e7\u00e3o da cobertura do edif\u00edcio da sede da Junta de Freguesia de Palmeira de Faro. Atrav\u00e9s da concess\u00e3o deste apoio, a C\u00e2mara Municipal est\u00e1 a contribuir para garantir a conserva\u00e7\u00e3o do patrim\u00f3nio da freguesia, dignificando tamb\u00e9m o atendimento \u00e0 popula\u00e7\u00e3o naquelas instala\u00e7\u00f5es.<\/p>\n\n\n\n<p class=\"wp-block-paragraph\">Para a Junta da Uni\u00e3o das Freguesias de Belinho e Mar ser\u00e1 transferido o montante de 30.231,20 euros, destinado a financiar a interven\u00e7\u00e3o de pavimenta\u00e7\u00e3o da Rua Poeta Manuel Merrelho e Rua do Camulo, bem como a constru\u00e7\u00e3o de um muro de suporte da Travessa da Igreja, em Belinho, onde a via apresenta risco de aluimento. Al\u00e9m da beneficia\u00e7\u00e3o da rede vi\u00e1ria, est\u00e1 em causa a reposi\u00e7\u00e3o da seguran\u00e7a e normaliza\u00e7\u00e3o da circula\u00e7\u00e3o, tanto rodovi\u00e1ria como pedonal, naquele local.<\/p>\n","protected":false},"excerpt":{"rendered":"<p>O executivo municipal aprovou, em reuni\u00e3o de C\u00e2mara, apoios financeiros para as Juntas das Uni\u00f5es de Freguesias de Palmeira de Faro e Curvos, e de Belinho e Mar, no montante global de aproximadamente 100\u00a0000 euros. No caso de Palmeira de Faro e Curvos, foi concedido um apoio de 69.553,70 euros, para suportar as despesas inerentes [&hellip;]<\/p>\n","protected":false},"author":3,"featured_media":392,"comment_status":"open","ping_status":"open","sticky":false,"template":"","format":"standard","meta":{"footnotes":"","jetpack_publicize_message":"","jetpack_publicize_feature_enabled":true,"jetpack_social_post_already_shared":false,"jetpack_social_options":{"image_generator_settings":{"template":"highway","default_image_id":0,"font":"","enabled":false},"version":2}},"categories":[134],"tags":[77],"class_list":["post-391","post","type-post","status-publish","format-standard","has-post-thumbnail","category-arquivo","tag-camara-municipal-de-esposende"],"jetpack_publicize_connections":[],"_links":{"self":[{"href":"https:\/\/noticiasdeesposende.pt\/index.php?rest_route=\/wp\/v2\/posts\/391","targetHints":{"allow":["GET"]}}],"collection":[{"href":"https:\/\/noticiasdeesposende.pt\/index.php?rest_route=\/wp\/v2\/posts"}],"about":[{"href":"https:\/\/noticiasdeesposende.pt\/index.php?rest_route=\/wp\/v2\/types\/post"}],"author":[{"embeddable":true,"href":"https:\/\/noticiasdeesposende.pt\/index.php?rest_route=\/wp\/v2\/users\/3"}],"replies":[{"embeddable":true,"href":"https:\/\/noticiasdeesposende.pt\/index.php?rest_route=%2Fwp%2Fv2%2Fcomments&post=391"}],"version-history":[{"count":1,"href":"https:\/\/noticiasdeesposende.pt\/index.php?rest_route=\/wp\/v2\/posts\/391\/revisions"}],"predecessor-version":[{"id":728,"href":"https:\/\/noticiasdeesposende.pt\/index.php?rest_route=\/wp\/v2\/posts\/391\/revisions\/728"}],"wp:attachment":[{"href":"https:\/\/noticiasdeesposende.pt\/index.php?rest_route=%2Fwp%2Fv2%2Fmedia&parent=391"}],"wp:term":[{"taxonomy":"category","embeddable":true,"href":"https:\/\/noticiasdeesposende.pt\/index.php?rest_route=%2Fwp%2Fv2%2Fcategories&post=391"},{"taxonomy":"post_tag","embeddable":true,"href":"https:\/\/noticiasdeesposende.pt\/index.php?rest_route=%2Fwp%2Fv2%2Ftags&post=391"}],"curies":[{"name":"wp","href":"https:\/\/api.w.org\/{rel}","templated":true}]}}