{"id":402,"date":"2025-04-04T18:08:28","date_gmt":"2025-04-04T18:08:28","guid":{"rendered":"https:\/\/noticiasdeesposende.pt\/?p=402"},"modified":"2026-08-25T15:48:04","modified_gmt":"2026-08-25T15:48:04","slug":"af-braga-apoiou-jornada-de-futsal-inclusivo","status":"publish","type":"post","link":"https:\/\/noticiasdeesposende.pt\/?p=402","title":{"rendered":"AF Braga apoiou jornada de futsal inclusivo"},"content":{"rendered":"\n<p class=\"wp-block-paragraph\">A Associa\u00e7\u00e3o de Futebol de Braga apoiou ontem, quinta-feira, a 9\u00aa Jornada do Campeonato Nacional de Futsal organizada pela ANDDI-PORTUGAL \u2013 Associa\u00e7\u00e3o Nacional de Desporto para Desenvolvimento Intelectual no Pavilh\u00e3o Fl\u00e1vio S\u00e1 Leite, em Braga.<\/p>\n\n\n\n<p class=\"wp-block-paragraph\">A ANDDI \u00e9 o organismo nacional respons\u00e1vel pelo desenvolvimento e promo\u00e7\u00e3o do desporto para pessoas com defici\u00eancia intelectual, s\u00edndrome de Down e com perturba\u00e7\u00f5es no espetro do autismo, de acordo com a org\u00e2nica da FPDD &#8211; Federa\u00e7\u00e3o Portuguesa de Desporto para Pessoas com Defici\u00eancia.<\/p>\n\n\n\n<p class=\"wp-block-paragraph\">Nesta jornada participaram equipas da Zona 2 da 2\u00aa Divis\u00e3o da Regi\u00e3o Norte constitu\u00eddas por atletas do Centro Novais e Sousa (Braga), da ASSIS &#8211; Associa\u00e7\u00e3o De Solidariedade Social, Integra\u00e7\u00e3o E Sa\u00fade do Norte (P\u00f3voa de Lanhoso), da CAVA &#8211; Clube Amigos de Vieira (Vieira do Minho) e da Valoriza &#8211; Associa\u00e7\u00e3o de Desenvolvimento Local (Amares).<\/p>\n\n\n\n<p class=\"wp-block-paragraph\">Manuel Machado, Presidente da AF Braga, esteve presente no evento e explicou o apoio da AF Braga \u201cacreditamos que o desporto \u00e9 a melhor ferramenta para a inclus\u00e3o. Este apoio surge enquadrado na nossa pol\u00edtica de responsabilidade social e na promo\u00e7\u00e3o do futebol e do futsal inclusivos. Acreditamos no futebol para todos, onde todos podem vivenciar a alegria da pr\u00e1tica desportiva, as emo\u00e7\u00f5es bonitas de estar em campo ou na quadra a competir de forma saud\u00e1vel.\u201d<\/p>\n\n\n\n<p class=\"wp-block-paragraph\">A Associa\u00e7\u00e3o de Futebol de Braga ofereceu ainda lembran\u00e7as a todos os atletas.<\/p>\n","protected":false},"excerpt":{"rendered":"<p>A Associa\u00e7\u00e3o de Futebol de Braga apoiou ontem, quinta-feira, a 9\u00aa Jornada do Campeonato Nacional de Futsal organizada pela ANDDI-PORTUGAL \u2013 Associa\u00e7\u00e3o Nacional de Desporto para Desenvolvimento Intelectual no Pavilh\u00e3o Fl\u00e1vio S\u00e1 Leite, em Braga. A ANDDI \u00e9 o organismo nacional respons\u00e1vel pelo desenvolvimento e promo\u00e7\u00e3o do desporto para pessoas com defici\u00eancia intelectual, s\u00edndrome de [&hellip;]<\/p>\n","protected":false},"author":3,"featured_media":403,"comment_status":"open","ping_status":"open","sticky":false,"template":"","format":"standard","meta":{"footnotes":"","jetpack_publicize_message":"","jetpack_publicize_feature_enabled":true,"jetpack_social_post_already_shared":false,"jetpack_social_options":{"image_generator_settings":{"template":"highway","default_image_id":0,"font":"","enabled":false},"version":2}},"categories":[134],"tags":[],"class_list":["post-402","post","type-post","status-publish","format-standard","has-post-thumbnail","category-arquivo"],"jetpack_publicize_connections":[],"_links":{"self":[{"href":"https:\/\/noticiasdeesposende.pt\/index.php?rest_route=\/wp\/v2\/posts\/402","targetHints":{"allow":["GET"]}}],"collection":[{"href":"https:\/\/noticiasdeesposende.pt\/index.php?rest_route=\/wp\/v2\/posts"}],"about":[{"href":"https:\/\/noticiasdeesposende.pt\/index.php?rest_route=\/wp\/v2\/types\/post"}],"author":[{"embeddable":true,"href":"https:\/\/noticiasdeesposende.pt\/index.php?rest_route=\/wp\/v2\/users\/3"}],"replies":[{"embeddable":true,"href":"https:\/\/noticiasdeesposende.pt\/index.php?rest_route=%2Fwp%2Fv2%2Fcomments&post=402"}],"version-history":[{"count":1,"href":"https:\/\/noticiasdeesposende.pt\/index.php?rest_route=\/wp\/v2\/posts\/402\/revisions"}],"predecessor-version":[{"id":727,"href":"https:\/\/noticiasdeesposende.pt\/index.php?rest_route=\/wp\/v2\/posts\/402\/revisions\/727"}],"wp:attachment":[{"href":"https:\/\/noticiasdeesposende.pt\/index.php?rest_route=%2Fwp%2Fv2%2Fmedia&parent=402"}],"wp:term":[{"taxonomy":"category","embeddable":true,"href":"https:\/\/noticiasdeesposende.pt\/index.php?rest_route=%2Fwp%2Fv2%2Fcategories&post=402"},{"taxonomy":"post_tag","embeddable":true,"href":"https:\/\/noticiasdeesposende.pt\/index.php?rest_route=%2Fwp%2Fv2%2Ftags&post=402"}],"curies":[{"name":"wp","href":"https:\/\/api.w.org\/{rel}","templated":true}]}}