{"id":406,"date":"2025-04-05T08:53:41","date_gmt":"2025-04-05T08:53:41","guid":{"rendered":"https:\/\/noticiasdeesposende.pt\/?p=406"},"modified":"2026-08-25T15:48:04","modified_gmt":"2026-08-25T15:48:04","slug":"ciclo-falando-de-musica-arranca-hoje-sabado-em-rio-tinto","status":"publish","type":"post","link":"https:\/\/noticiasdeesposende.pt\/?p=406","title":{"rendered":"Ciclo \u201cFalando de M\u00fasica\u201d arranca hoje (s\u00e1bado) em Rio Tinto"},"content":{"rendered":"\n<p class=\"wp-block-paragraph\">Fruto de uma parceria estabelecida com a Orquestra Sinfonietta de Braga, o Munic\u00edpio de Esposende promove, desde 2023, o Ciclo \u201cFalando de M\u00fasica\u201d, que tem contado com concertos comentados de m\u00fasica de c\u00e2mara, assim como a\u00e7\u00f5es de media\u00e7\u00e3o com o p\u00fablico escolar e s\u00e9nior deste territ\u00f3rio, no formato de oficinas musicais. Os concertos t\u00eam acontecido de forma descentralizada, por diversas freguesias, contando com prestigiados solistas convidados.<\/p>\n\n\n\n<p class=\"wp-block-paragraph\">A edi\u00e7\u00e3o deste ano arranca hoje, s\u00e1bado, dia 05 de abril, com um concerto agendado para a Igreja Paroquial de Rio Tinto, \u00e0s 21h30. Neste concerto de abertura, a Sinfonietta de Braga convida o trompetista Lu\u00eds Campos, um dos m\u00fasicos mais destacados da sua gera\u00e7\u00e3o. O programa percorre diferentes \u00e9pocas e estilos, com o virtuosismo de Leite em destaque no\u00a0Concerto para Trompete e Cordas\u00a0de\u00a0Johann Baptist Neruda. A noite segue com a energia juvenil da\u00a0String Symphony n.\u00ba 1,\u00a0de\u00a0Felix Mendelssohn,\u00a0e a envolvente\u00a0Capriol Suite\u00a0de\u00a0Peter Warlock.\u00a0<\/p>\n\n\n\n<p class=\"wp-block-paragraph\">O segundo concerto est\u00e1 j\u00e1 agendado para o dia 02 de maio, com a Sinfonietta de Braga a fazer-se acompanhar pela aclamada soprano Eduarda Melo. Com um repert\u00f3rio que atravessa diferentes \u00e9pocas e estilos, o programa prop\u00f5e uma imers\u00e3o na expressividade da voz e na riqueza das sonoridades da orquestra de cordas, aliadas \u00e0 reflex\u00e3o sobre os valores da liberdade e da democracia. Prop\u00f5e-se assim uma viagem musical repleta de emo\u00e7\u00e3o e simbolismo, num momento em que revisitar o passado se torna essencial para compreender o presente. O programa integrar\u00e1 obras de Karl Weigl (1906) e Leo\u0161 Jan\u00e1\u010dek (1891). Com uma carreira internacional consolidada, Eduarda Melo j\u00e1 brilhou nos mais prestigiados palcos da \u00f3pera europeia, trabalhando com maestros de renome e interpretando pap\u00e9is ic\u00f3nicos.<\/p>\n\n\n\n<p class=\"wp-block-paragraph\">O terceiro e \u00faltimo concerto est\u00e1 reservado para o m\u00eas de outubro, trazendo o contrabaixista Domingos Ribeiro, chefe de naipe dos contrabaixos na Orquestra Gulbenkian.<\/p>\n\n\n\n<p class=\"wp-block-paragraph\">Recorde-se que em edi\u00e7\u00f5es anteriores, o Ciclo \u201cFalando de M\u00fasica\u201d trouxe ao concelho de Esposende m\u00fasicos de reconhecido m\u00e9rito como Aires Pinheiro (guitarra), Raquel Mendes (soprano), Fernando Miguel Jal\u00f4to (cravo), Catarina Gon\u00e7alves (violoncelo), Gon\u00e7alo Sousa (harm\u00f3nica crom\u00e1tica), Almeno Gon\u00e7alves (tenor) e o maestro Paulo Louren\u00e7o, num concerto realizado em parceria com o Coro de Pequenos Cantores de Esposende, onde se estreou a obra \u201cAqua Mundi\u201d, de Telmo Marques.<\/p>\n\n\n\n<p class=\"wp-block-paragraph\">Com a realiza\u00e7\u00e3o deste ciclo de concertos comentados, com int\u00e9rpretes de grande qualidade art\u00edstica, aliados \u00e0 componente de media\u00e7\u00e3o cultural, pretende o Munic\u00edpio de Esposende promover momentos de frui\u00e7\u00e3o musical junto da comunidade, de uma forma descentralizada, potenciando o aspeto educador destas experi\u00eancias, assumindo e reafirmando tamb\u00e9m desta forma o seu compromisso como Munic\u00edpio Educador.<\/p>\n\n\n\n<p class=\"wp-block-paragraph\">De referir que o Ciclo \u201cFalando de M\u00fasica\u201d conta com o apoio e reconhecimento da Dire\u00e7\u00e3o-Geral das Artes.<\/p>\n","protected":false},"excerpt":{"rendered":"<p>Fruto de uma parceria estabelecida com a Orquestra Sinfonietta de Braga, o Munic\u00edpio de Esposende promove, desde 2023, o Ciclo \u201cFalando de M\u00fasica\u201d, que tem contado com concertos comentados de m\u00fasica de c\u00e2mara, assim como a\u00e7\u00f5es de media\u00e7\u00e3o com o p\u00fablico escolar e s\u00e9nior deste territ\u00f3rio, no formato de oficinas musicais. Os concertos t\u00eam acontecido [&hellip;]<\/p>\n","protected":false},"author":3,"featured_media":407,"comment_status":"open","ping_status":"open","sticky":false,"template":"","format":"standard","meta":{"footnotes":"","jetpack_publicize_message":"","jetpack_publicize_feature_enabled":true,"jetpack_social_post_already_shared":false,"jetpack_social_options":{"image_generator_settings":{"template":"highway","default_image_id":0,"font":"","enabled":false},"version":2}},"categories":[134],"tags":[77,87],"class_list":["post-406","post","type-post","status-publish","format-standard","has-post-thumbnail","category-arquivo","tag-camara-municipal-de-esposende","tag-musica"],"jetpack_publicize_connections":[],"_links":{"self":[{"href":"https:\/\/noticiasdeesposende.pt\/index.php?rest_route=\/wp\/v2\/posts\/406","targetHints":{"allow":["GET"]}}],"collection":[{"href":"https:\/\/noticiasdeesposende.pt\/index.php?rest_route=\/wp\/v2\/posts"}],"about":[{"href":"https:\/\/noticiasdeesposende.pt\/index.php?rest_route=\/wp\/v2\/types\/post"}],"author":[{"embeddable":true,"href":"https:\/\/noticiasdeesposende.pt\/index.php?rest_route=\/wp\/v2\/users\/3"}],"replies":[{"embeddable":true,"href":"https:\/\/noticiasdeesposende.pt\/index.php?rest_route=%2Fwp%2Fv2%2Fcomments&post=406"}],"version-history":[{"count":1,"href":"https:\/\/noticiasdeesposende.pt\/index.php?rest_route=\/wp\/v2\/posts\/406\/revisions"}],"predecessor-version":[{"id":726,"href":"https:\/\/noticiasdeesposende.pt\/index.php?rest_route=\/wp\/v2\/posts\/406\/revisions\/726"}],"wp:attachment":[{"href":"https:\/\/noticiasdeesposende.pt\/index.php?rest_route=%2Fwp%2Fv2%2Fmedia&parent=406"}],"wp:term":[{"taxonomy":"category","embeddable":true,"href":"https:\/\/noticiasdeesposende.pt\/index.php?rest_route=%2Fwp%2Fv2%2Fcategories&post=406"},{"taxonomy":"post_tag","embeddable":true,"href":"https:\/\/noticiasdeesposende.pt\/index.php?rest_route=%2Fwp%2Fv2%2Ftags&post=406"}],"curies":[{"name":"wp","href":"https:\/\/api.w.org\/{rel}","templated":true}]}}