{"id":409,"date":"2025-04-05T08:59:11","date_gmt":"2025-04-05T08:59:11","guid":{"rendered":"https:\/\/noticiasdeesposende.pt\/?p=409"},"modified":"2026-08-25T15:48:04","modified_gmt":"2026-08-25T15:48:04","slug":"em-abril-o-robalo-esta-aqui","status":"publish","type":"post","link":"https:\/\/noticiasdeesposende.pt\/?p=409","title":{"rendered":"Em abril \u201cO robalo est\u00e1 aqui\u201d"},"content":{"rendered":"\n<p class=\"wp-block-paragraph\">A marcar o arranque da campanha \u201cEsposende, o robalo est\u00e1 aqui\u201d, o Munic\u00edpio de Esposende est\u00e1 a promover, desde ontem, o Fim de Semana Gastron\u00f3mico, integrado no programa da Entidade Regional de Turismo do Porto e Norte de Portugal,<\/p>\n\n\n\n<p class=\"wp-block-paragraph\">Historicamente, e desde h\u00e1 largos anos, a escolha do prato do Fim de Semana Gastron\u00f3mico de Esposende reca\u00eda na lampreia, cicl\u00f3stomo cada vez mais escasso, dif\u00edcil de adquirir e, portanto, mais caro. Atendendo \u00e0 escassez, ao pre\u00e7o elevado e dando prioridade \u00e0 preserva\u00e7\u00e3o e defesa da esp\u00e9cie, ap\u00f3s consulta com os respons\u00e1veis pelas unidades de restaura\u00e7\u00e3o, decidiu-se destacar o robalo, pescado sazonal e abundante especialmente nesta \u00e9poca do ano. Para completar a ementa deste Fim de Semana Gastron\u00f3mico, os 31 restaurantes aderentes sugerem como acompanhamento os vinhos verdes dos produtores locais e, como sobremesa, as t\u00edpicas clarinhas de F\u00e3o.<\/p>\n\n\n\n<p class=\"wp-block-paragraph\">A campanha \u201cEsposende, o robalo est\u00e1 aqui\u201d mant\u00e9m-se ao longo de todo o m\u00eas de abril, em cerca de tr\u00eas dezenas de restaurantes do concelho, com variadas sugest\u00f5es gastron\u00f3micas confecionadas com este apetec\u00edvel peixe. De um sabor e frescura inigual\u00e1veis, confecionado de diversas formas, desde escalado e grelhado na brasa, assado no forno ou com arroz, o robalo continua a fazer as del\u00edcias de quem visita a restaura\u00e7\u00e3o de Esposende, testemunhando a sua nobreza \u00e0 mesa e a excel\u00eancia da gastronomia local. Mais do que mat\u00e9ria-prima e ingrediente principal, este \u00e9 um legado gastron\u00f3mico verdadeiramente \u00fanico e singular, remetendo para os sabores do mar de Esposende, levando a apurar a mem\u00f3ria e a refinar o paladar.<\/p>\n\n\n\n<p class=\"wp-block-paragraph\">Esta \u00e9 uma \u201cexpedi\u00e7\u00e3o\u201d absolutamente irresist\u00edvel, que poder\u00e1 ser experienciada nos restaurantes A Lareira, \u00c1gua-P\u00e9, Al\u00e9m-Mar com sabores, Camelo, Cantinho dos L\u00edrios, Casa Sal\u00e9, Dona Quina, Estrela do Mar, Foz do C\u00e1vado, Juventude, Mananita, Moinho de Sal, Moinho de Vento &#8211; Ap\u00falia Praia Hotel, M\u00f3nica Restaurante e Pizzaria, O Buraco, O Escondidinho, O Forno, Atl\u00e2ntico &#8211; Hotel Ofir, Porta D\u00b4Ofir, Quininha, Pedrinhas Praia, Rita Fangueira, Salgueira, Salitra, Siamo in Due, Solar da Praia, Tio Pepe, Tr\u00eas Arcos, Varandas do C\u00e1vado &#8211; Hotel Suave Mar e Z\u00e9 dos Leit\u00f5es.<\/p>\n","protected":false},"excerpt":{"rendered":"<p>A marcar o arranque da campanha \u201cEsposende, o robalo est\u00e1 aqui\u201d, o Munic\u00edpio de Esposende est\u00e1 a promover, desde ontem, o Fim de Semana Gastron\u00f3mico, integrado no programa da Entidade Regional de Turismo do Porto e Norte de Portugal, Historicamente, e desde h\u00e1 largos anos, a escolha do prato do Fim de Semana Gastron\u00f3mico de [&hellip;]<\/p>\n","protected":false},"author":3,"featured_media":410,"comment_status":"open","ping_status":"open","sticky":false,"template":"","format":"standard","meta":{"footnotes":"","jetpack_publicize_message":"","jetpack_publicize_feature_enabled":true,"jetpack_social_post_already_shared":false,"jetpack_social_options":{"image_generator_settings":{"template":"highway","default_image_id":0,"font":"","enabled":false},"version":2}},"categories":[134],"tags":[77,88],"class_list":["post-409","post","type-post","status-publish","format-standard","has-post-thumbnail","category-arquivo","tag-camara-municipal-de-esposende","tag-o-robalo-esta-aqui"],"jetpack_publicize_connections":[],"_links":{"self":[{"href":"https:\/\/noticiasdeesposende.pt\/index.php?rest_route=\/wp\/v2\/posts\/409","targetHints":{"allow":["GET"]}}],"collection":[{"href":"https:\/\/noticiasdeesposende.pt\/index.php?rest_route=\/wp\/v2\/posts"}],"about":[{"href":"https:\/\/noticiasdeesposende.pt\/index.php?rest_route=\/wp\/v2\/types\/post"}],"author":[{"embeddable":true,"href":"https:\/\/noticiasdeesposende.pt\/index.php?rest_route=\/wp\/v2\/users\/3"}],"replies":[{"embeddable":true,"href":"https:\/\/noticiasdeesposende.pt\/index.php?rest_route=%2Fwp%2Fv2%2Fcomments&post=409"}],"version-history":[{"count":1,"href":"https:\/\/noticiasdeesposende.pt\/index.php?rest_route=\/wp\/v2\/posts\/409\/revisions"}],"predecessor-version":[{"id":725,"href":"https:\/\/noticiasdeesposende.pt\/index.php?rest_route=\/wp\/v2\/posts\/409\/revisions\/725"}],"wp:attachment":[{"href":"https:\/\/noticiasdeesposende.pt\/index.php?rest_route=%2Fwp%2Fv2%2Fmedia&parent=409"}],"wp:term":[{"taxonomy":"category","embeddable":true,"href":"https:\/\/noticiasdeesposende.pt\/index.php?rest_route=%2Fwp%2Fv2%2Fcategories&post=409"},{"taxonomy":"post_tag","embeddable":true,"href":"https:\/\/noticiasdeesposende.pt\/index.php?rest_route=%2Fwp%2Fv2%2Ftags&post=409"}],"curies":[{"name":"wp","href":"https:\/\/api.w.org\/{rel}","templated":true}]}}