{"id":412,"date":"2025-04-05T09:07:59","date_gmt":"2025-04-05T09:07:59","guid":{"rendered":"https:\/\/noticiasdeesposende.pt\/?p=412"},"modified":"2026-08-25T15:48:04","modified_gmt":"2026-08-25T15:48:04","slug":"barcelos-torre-medieval-e-posto-de-turismo-mostram-artesanato","status":"publish","type":"post","link":"https:\/\/noticiasdeesposende.pt\/?p=412","title":{"rendered":"Barcelos: Torre Medieval e Posto de Turismo mostram artesanato"},"content":{"rendered":"\n<p class=\"wp-block-paragraph\">S\u00e3o inauguradas hoje, s\u00e1bado, dia 05 de abril, mais duas exposi\u00e7\u00f5es de artesanato de autores barcelenses. Com abertura de portas marcada para as 16h00, a Torre Medieval acolhe \u201cMinho, minh\u2019Alma&#8221;, composta por trabalhos de Cristiana S\u00e1, bem demonstrativos da sua criatividade. No Posto de Turismo, J\u00falia Martins e S\u00e9rgio Pereira apresentam uma cole\u00e7\u00e3o de artefactos sob a designa\u00e7\u00e3o \u201cA arte de entrela\u00e7ar o vime\u201d.\u00a0<br>As duas exposi\u00e7\u00f5es v\u00e3o estar patentes ao p\u00fablico, at\u00e9 ao dia 25 de maio.<\/p>\n\n\n\n<p class=\"wp-block-paragraph\"><strong>\u201cA arte de entrela\u00e7ar o vime\u201d por J\u00falia Martins e S\u00e9rgio Pereira<\/strong><br>No Posto de Turismo, a exposi\u00e7\u00e3o \u201cA arte de entrela\u00e7ar o vime\u201d pretende vincar que o concelho de Barcelos continua a ter uma express\u00e3o bastante importante na \u00e1rea da cestaria grossa, artesanato, firmado numa identidade e vitalidade muito pr\u00f3prias, em contraponto com o que tem sucedido em algumas regi\u00f5es do pa\u00eds, que se verifica o quase total desaparecimento deste of\u00edcio. &nbsp;<br>Os artes\u00e3os &#8211; J\u00falia Martins e S\u00e9rgio Pereira &#8211; mostram os seus trabalhos em cestaria dos quais irradia a capacidade criativa, a qual fez com que as suas produ\u00e7\u00f5es bem como os materiais que usam ganhassem novas formas e novos contextos, conferindo \u00e0s pe\u00e7as que produzem contemporaneidade e enquadramento na sociedade atual.<\/p>\n\n\n\n<p class=\"wp-block-paragraph\"><strong>\u201cMinho, minh\u2019Alma\u201d por Cristiana S\u00e1<\/strong><br>Na Torre Medieval, a artes\u00e3, Cristiana S\u00e1, apresenta \u201cMinho, minh\u2019Alma, uma exposi\u00e7\u00e3o que re\u00fane alguns dos seus trabalhos de cariz religioso e profano, tendo como maior inspira\u00e7\u00e3o as suas ra\u00edzes. S\u00e3o pe\u00e7as artesanais vibrantes e de grande qualidade, que retratam um territ\u00f3rio, as suas tradi\u00e7\u00f5es, usos e costumes, mas, acima de tudo, sentimentos.&nbsp;<br>Nesta exposi\u00e7\u00e3o, percebe-se a compet\u00eancia de Cristiana S\u00e1 na \u00e1rea das artes pl\u00e1sticas, e das suas pe\u00e7as emana a intensa alma do Minho, uma terra cheia de cor, alegria, festa e saudade.<br>Ambas as exposi\u00e7\u00f5es v\u00e3o estar patentes at\u00e9 ao dia 25 de maio. No Posto de Turismo, de segunda a sexta-feira, das 9h30 \u00e0s 18h00; aos s\u00e1bados, das 10h00 \u00e0s 13h00 e das 14h00 \u00e0s 17h00, e aos domingos e feriados, das 10h \u00e0s 13h e das 14h \u00e0s 16h. Na Torre Medieval, de segunda a sexta-feira, das 9h30 \u00e0s 17h30; aos s\u00e1bados, domingos e feriados, das 10h00 \u00e0s 13h00 e das 14h30 \u00e0s 17h30.<\/p>\n","protected":false},"excerpt":{"rendered":"<p>S\u00e3o inauguradas hoje, s\u00e1bado, dia 05 de abril, mais duas exposi\u00e7\u00f5es de artesanato de autores barcelenses. Com abertura de portas marcada para as 16h00, a Torre Medieval acolhe \u201cMinho, minh\u2019Alma&#8221;, composta por trabalhos de Cristiana S\u00e1, bem demonstrativos da sua criatividade. No Posto de Turismo, J\u00falia Martins e S\u00e9rgio Pereira apresentam uma cole\u00e7\u00e3o de artefactos [&hellip;]<\/p>\n","protected":false},"author":3,"featured_media":413,"comment_status":"open","ping_status":"open","sticky":false,"template":"","format":"standard","meta":{"footnotes":"","jetpack_publicize_message":"","jetpack_publicize_feature_enabled":true,"jetpack_social_post_already_shared":false,"jetpack_social_options":{"image_generator_settings":{"template":"highway","default_image_id":0,"font":"","enabled":false},"version":2}},"categories":[134],"tags":[89],"class_list":["post-412","post","type-post","status-publish","format-standard","has-post-thumbnail","category-arquivo","tag-barcelos"],"jetpack_publicize_connections":[],"_links":{"self":[{"href":"https:\/\/noticiasdeesposende.pt\/index.php?rest_route=\/wp\/v2\/posts\/412","targetHints":{"allow":["GET"]}}],"collection":[{"href":"https:\/\/noticiasdeesposende.pt\/index.php?rest_route=\/wp\/v2\/posts"}],"about":[{"href":"https:\/\/noticiasdeesposende.pt\/index.php?rest_route=\/wp\/v2\/types\/post"}],"author":[{"embeddable":true,"href":"https:\/\/noticiasdeesposende.pt\/index.php?rest_route=\/wp\/v2\/users\/3"}],"replies":[{"embeddable":true,"href":"https:\/\/noticiasdeesposende.pt\/index.php?rest_route=%2Fwp%2Fv2%2Fcomments&post=412"}],"version-history":[{"count":1,"href":"https:\/\/noticiasdeesposende.pt\/index.php?rest_route=\/wp\/v2\/posts\/412\/revisions"}],"predecessor-version":[{"id":724,"href":"https:\/\/noticiasdeesposende.pt\/index.php?rest_route=\/wp\/v2\/posts\/412\/revisions\/724"}],"wp:attachment":[{"href":"https:\/\/noticiasdeesposende.pt\/index.php?rest_route=%2Fwp%2Fv2%2Fmedia&parent=412"}],"wp:term":[{"taxonomy":"category","embeddable":true,"href":"https:\/\/noticiasdeesposende.pt\/index.php?rest_route=%2Fwp%2Fv2%2Fcategories&post=412"},{"taxonomy":"post_tag","embeddable":true,"href":"https:\/\/noticiasdeesposende.pt\/index.php?rest_route=%2Fwp%2Fv2%2Ftags&post=412"}],"curies":[{"name":"wp","href":"https:\/\/api.w.org\/{rel}","templated":true}]}}