{"id":415,"date":"2025-04-05T17:42:18","date_gmt":"2025-04-05T17:42:18","guid":{"rendered":"https:\/\/noticiasdeesposende.pt\/?p=415"},"modified":"2026-08-25T15:48:04","modified_gmt":"2026-08-25T15:48:04","slug":"alberto-figueiredo-e-candidato-a-assembleia-municipal-de-esposende","status":"publish","type":"post","link":"https:\/\/noticiasdeesposende.pt\/?p=415","title":{"rendered":"Alberto Figueiredo \u00e9 candidato \u00e0 Assembleia Municipal de Esposende"},"content":{"rendered":"\n<p class=\"wp-block-paragraph\">Ap\u00f3s ter presidido \u00e0 autarquia, eleito pelo PSD, entre 1990 e 1999, Alberto Figueiredo, que se desfiliou do Partido Social Democrata em fevereiro passado, regressa assim \u00e0 pol\u00edtica ativa, sendo o candidato \u00e0 Assembleia Municipal de Esposende, do movimento independente que tem Carlos Silva, como candidato \u00e0 C\u00e2mara.<\/p>\n\n\n\n<p class=\"wp-block-paragraph\">Ao longo dos \u00faltimos dias os rumores sobre esta candidatura foram-se acentuando e hoje, contactado pelo Not\u00edcias de Esposende, Carlos Silva, ex presidente da Assembleia Municipal de Esposende, eleito pelo PSD, confirmou o nome Alberto Figueiredo como seu apoiante e candidato ao cargo por si ocupado at\u00e9 in\u00edcio do ano. \u201cPosso confirmar que n\u00e3o \u00e9 rumor, \u00e9 uma realidade\u201d.<\/p>\n\n\n\n<p class=\"wp-block-paragraph\">Carlos Silva espera, agora, apenas a confirma\u00e7\u00e3o do apoio de outras figuras do concelho, para avan\u00e7ar com a apresenta\u00e7\u00e3o p\u00fablica da sua candidatura \u00e0 autarquia.<\/p>\n","protected":false},"excerpt":{"rendered":"<p>Ap\u00f3s ter presidido \u00e0 autarquia, eleito pelo PSD, entre 1990 e 1999, Alberto Figueiredo, que se desfiliou do Partido Social Democrata em fevereiro passado, regressa assim \u00e0 pol\u00edtica ativa, sendo o candidato \u00e0 Assembleia Municipal de Esposende, do movimento independente que tem Carlos Silva, como candidato \u00e0 C\u00e2mara. Ao longo dos \u00faltimos dias os rumores [&hellip;]<\/p>\n","protected":false},"author":3,"featured_media":416,"comment_status":"open","ping_status":"open","sticky":false,"template":"","format":"standard","meta":{"footnotes":"","jetpack_publicize_message":"","jetpack_publicize_feature_enabled":true,"jetpack_social_post_already_shared":false,"jetpack_social_options":{"image_generator_settings":{"template":"highway","default_image_id":0,"font":"","enabled":false},"version":2}},"categories":[134],"tags":[90,92],"class_list":["post-415","post","type-post","status-publish","format-standard","has-post-thumbnail","category-arquivo","tag-alberto-figueiredo","tag-carlos-silva"],"jetpack_publicize_connections":[],"_links":{"self":[{"href":"https:\/\/noticiasdeesposende.pt\/index.php?rest_route=\/wp\/v2\/posts\/415","targetHints":{"allow":["GET"]}}],"collection":[{"href":"https:\/\/noticiasdeesposende.pt\/index.php?rest_route=\/wp\/v2\/posts"}],"about":[{"href":"https:\/\/noticiasdeesposende.pt\/index.php?rest_route=\/wp\/v2\/types\/post"}],"author":[{"embeddable":true,"href":"https:\/\/noticiasdeesposende.pt\/index.php?rest_route=\/wp\/v2\/users\/3"}],"replies":[{"embeddable":true,"href":"https:\/\/noticiasdeesposende.pt\/index.php?rest_route=%2Fwp%2Fv2%2Fcomments&post=415"}],"version-history":[{"count":1,"href":"https:\/\/noticiasdeesposende.pt\/index.php?rest_route=\/wp\/v2\/posts\/415\/revisions"}],"predecessor-version":[{"id":723,"href":"https:\/\/noticiasdeesposende.pt\/index.php?rest_route=\/wp\/v2\/posts\/415\/revisions\/723"}],"wp:attachment":[{"href":"https:\/\/noticiasdeesposende.pt\/index.php?rest_route=%2Fwp%2Fv2%2Fmedia&parent=415"}],"wp:term":[{"taxonomy":"category","embeddable":true,"href":"https:\/\/noticiasdeesposende.pt\/index.php?rest_route=%2Fwp%2Fv2%2Fcategories&post=415"},{"taxonomy":"post_tag","embeddable":true,"href":"https:\/\/noticiasdeesposende.pt\/index.php?rest_route=%2Fwp%2Fv2%2Ftags&post=415"}],"curies":[{"name":"wp","href":"https:\/\/api.w.org\/{rel}","templated":true}]}}