{"id":418,"date":"2025-04-07T10:32:24","date_gmt":"2025-04-07T10:32:24","guid":{"rendered":"https:\/\/noticiasdeesposende.pt\/?p=418"},"modified":"2026-08-25T15:48:04","modified_gmt":"2026-08-25T15:48:04","slug":"o-valor-economico-da-lingua-portuguesa-contou-com-a-presenca-de-dezenas-de-empresarios","status":"publish","type":"post","link":"https:\/\/noticiasdeesposende.pt\/?p=418","title":{"rendered":"Barcelos: \u201cO Valor Econ\u00f3mico da L\u00edngua Portuguesa\u201d contou com a presen\u00e7a de dezenas de empres\u00e1rios"},"content":{"rendered":"\n<p class=\"wp-block-paragraph\">A ACIB numa organiza\u00e7\u00e3o conjunta com a IMLUS \u2013 Instituto do Mundo Lus\u00f3fono, realizou um semin\u00e1rio sobre \u201cO Valor Econ\u00f3mico da L\u00edngua Portuguesa\u201d que contou com a presen\u00e7a de dezenas de empres\u00e1rios<\/p>\n\n\n\n<p class=\"wp-block-paragraph\">Esta foi uma oportunidade para debater a import\u00e2ncia da l\u00edngua portuguesa nos neg\u00f3cios e, ao mesmo tempo, constituir-se como um encontro com respons\u00e1veis de pa\u00edses lus\u00f3fonos.<\/p>\n\n\n\n<p class=\"wp-block-paragraph\">Na sess\u00e3o de abertura Jo\u00e3o Albuquerque, Presidente da ACIB destacou a import\u00e2ncia da l\u00edngua portuguesa como um importante ve\u00edculo que permite fazer neg\u00f3cios, criar redes de parceiros e fomentar novos projetos.<\/p>\n\n\n\n<p class=\"wp-block-paragraph\">Referindo que os mercados da lusofonia s\u00e3o hoje estrat\u00e9gicos para o crescimento das nossas exporta\u00e7\u00f5es e para a capta\u00e7\u00e3o de investimentos, insistiu na import\u00e2ncia de se fomentar o uso da l\u00edngua portuguesa e no investimento de recursos para que a mesma seja cada vez mais um instrumento de uso corrente.<\/p>\n\n\n\n<p class=\"wp-block-paragraph\">Destacando as m\u00faltiplas iniciativas e parcerias que ACIB tem a desenvolver em pa\u00edses lus\u00f3fonos, Jo\u00e3o Albuquerque, apelou ao refor\u00e7o de liga\u00e7\u00f5es empresariais e institucionais. Aproveitando a presen\u00e7a da Senhora Embaixadora C\u00f4nsul-Geral de Angola lan\u00e7ou o desafio para que em conjunto com a C\u00e2mara Municipal se organize uma miss\u00e3o empresarial bem como o interc\u00e2mbio e fomento de projetos em parceria.<\/p>\n\n\n\n<p class=\"wp-block-paragraph\">Isabelle de Oliveira, Presidente do Instituto do Mundo Lus\u00f3fono disse que est\u00e1 na hora de usarmos a l\u00edngua portuguesa como um ve\u00edculo de neg\u00f3cios. A l\u00edngua portuguesa \u00e9 uma mais-valia que \u00e9 negligenciada no plano econ\u00f3mico, pode ser uma grande import\u00e2ncia para uni\u00e3o europeia, a Lusofonia deve-se transformar num espa\u00e7o de desenvolvimento de trocas econ\u00f3micas.<\/p>\n\n\n\n<p class=\"wp-block-paragraph\">M\u00e1rio Constantino, Presidente da C\u00e2mara Municipal de Barcelos,&nbsp;referiu que a l\u00edngua portuguesa \u00e9 um tema importante e atual, no sector econ\u00f3mico e empresarial, nas rela\u00e7\u00f5es com as pessoas e empresariais. Destacando que o povo portugu\u00eas \u00e9 empreendedor e dando como exemplo a associa\u00e7\u00e3o de emigrantes em Toronto e Londres com pessoas de Barcelos. Referiu que Portugal pode e deve alimentar esta quest\u00e3o da l\u00edngua portuguesa para continuara a crescer e a expandir-se. \u201cPortugal \u00e9 um pa\u00eds tranquilo que d\u00e1 estabilidade e confian\u00e7a aos de fora, \u00e9 um ambiente perfeito para o sector econ\u00f3mico.\u201d<\/p>\n\n\n\n<p class=\"wp-block-paragraph\">M\u00e1rio Constantino congratulou-se por esta importante iniciativa se ter realizado em Barcelos e mostrou o apoio \u00e0 mesma.<\/p>\n\n\n\n<p class=\"wp-block-paragraph\">Lu\u00eds Reto &#8211; Professor Em\u00e9rito do ISCTE, Ex Reitor do ISCTE deu alguns dados com muito interesse, come\u00e7ou por referir que existem atualmente cerca de 7100 l\u00ednguas no mundo. J\u00e1 existiram cerca de 140 mil l\u00ednguas que foram desaparecendo. Existem 264 milh\u00f5es de pessoas que falam portugu\u00eas, 220 milh\u00f5es s\u00e3o nativos portugueses. Atualmente s\u00e3o 7 l\u00ednguas globais, entre elas os vencedores da 2\u00aa guerra mundial. Destacando que Espanha s\u00f3 est\u00e1 mais presente na Europa e Am\u00e9rica, enquanto o portugu\u00eas est\u00e1 em todos os continentes sendo que a Africa subsariana vai crescer estima-se que 450 milh\u00f5es de pessoas falar\u00e3o portugu\u00eas em 2100, \u00e9 assim uma l\u00edngua em crescimento. Quanto mais se falar a l\u00edngua mais valor ela tem.<\/p>\n\n\n\n<p class=\"wp-block-paragraph\">V\u00edtor Ramalho &#8211; Presidente da Participar+ destacou que \u201ctemos de ter no\u00e7\u00e3o que a l\u00edngua portuguesa que \u00e9 adotada por 8 pa\u00edses que fazem parte da CPLP, mas tamb\u00e9m pela regi\u00e3o administrativa especial de Macau, e n\u00e3o \u00e9 por caso h\u00e1 um conjunto grande pa\u00edses que aderiram a CPLP como observadores. Referiu ainda que \u201ctodos pa\u00edses de l\u00edngua portuguesa t\u00eam uma fronteira com o mar, e isto \u00e9 de enorme import\u00e2ncia porque hoje n\u00f3s vivemos num mundo completamente global. A China percebeu que n\u00e3o pode desvincular do portugu\u00eas e instalou a l\u00edngua portuguesa na maioria das universidades. Referiu que se tem de refor\u00e7ar estrat\u00e9gias para possibilitar neg\u00f3cios. \u201c<\/p>\n\n\n\n<p class=\"wp-block-paragraph\">S. Excel\u00eancia a C\u00f4nsul-Geral de Angola, Embaixadora Dulce Gomes refere que \u201co portugu\u00eas \u00e9 atualmente a l\u00edngua oficial e continua a ser usada por emigrantes onde o portugu\u00eas \u00e9 habitual. Referiu ainda que \u201co tema de hoje constitui uma nova regra do estado atual n\u00e3o s\u00f3 para os povos falantes, como tamb\u00e9m no contexto geral de l\u00edngua falada ao n\u00edvel planet\u00e1rio, onde o portugu\u00eas se apresenta como a 4\u00aa l\u00edngua mais falada. Termina dizendo que o crescimento demogr\u00e1fico em \u00c1frica \u00e9 enorme e o ensino da l\u00edngua portuguesa \u00e9 fundamental para estrat\u00e9gias de neg\u00f3cio.\u201d<\/p>\n\n\n\n<p class=\"wp-block-paragraph\">O semin\u00e1rio foi encerrado pelo Senhor Secret\u00e1rio de Estado da Cultura Alberto Santos que referiu o modo como nos expressamos, comunicamos e lidamos com os outros na nossa l\u00edngua portuguesa e que se trata de um instrumento, uma ferramenta gratuita. Tendo de se fazer um investimento priorit\u00e1rio para as popula\u00e7\u00f5es, pois sendo uma das principais ferramentas da comunica\u00e7\u00e3o, quanto mais interpretarmos mais podemos crescer no seu uso.<\/p>\n\n\n\n<p class=\"wp-block-paragraph\">\u201cA nossa l\u00edngua \u00e9 uma ponte entre continentes e estabelece pontes para a cultura de conhecimento, mas tamb\u00e9m do ponto de vista dos neg\u00f3cios\u201d. Referiu tamb\u00e9m \u201cque a leitura em Portugal est\u00e1 em crescimento sendo preciso desenvolver esta capacita\u00e7\u00e3o nos jovens, compreender mais e melhor o portugu\u00eas\u201d.&nbsp;&nbsp;Termina dizendo \u201cque quanto mais um cidad\u00e3o dominar a l\u00edngua e souber comunicar mais pensamento critico ter\u00e1, para resistir aio que est\u00e1 a acontecer no mundo, influenciando a nossa liberdade enquanto comunidade\u201d.<\/p>\n","protected":false},"excerpt":{"rendered":"<p>A ACIB numa organiza\u00e7\u00e3o conjunta com a IMLUS \u2013 Instituto do Mundo Lus\u00f3fono, realizou um semin\u00e1rio sobre \u201cO Valor Econ\u00f3mico da L\u00edngua Portuguesa\u201d que contou com a presen\u00e7a de dezenas de empres\u00e1rios Esta foi uma oportunidade para debater a import\u00e2ncia da l\u00edngua portuguesa nos neg\u00f3cios e, ao mesmo tempo, constituir-se como um encontro com respons\u00e1veis [&hellip;]<\/p>\n","protected":false},"author":3,"featured_media":419,"comment_status":"open","ping_status":"open","sticky":false,"template":"","format":"standard","meta":{"footnotes":"","jetpack_publicize_message":"","jetpack_publicize_feature_enabled":true,"jetpack_social_post_already_shared":false,"jetpack_social_options":{"image_generator_settings":{"template":"highway","default_image_id":0,"font":"","enabled":false},"version":2}},"categories":[134],"tags":[93],"class_list":["post-418","post","type-post","status-publish","format-standard","has-post-thumbnail","category-arquivo","tag-acib"],"jetpack_publicize_connections":[],"_links":{"self":[{"href":"https:\/\/noticiasdeesposende.pt\/index.php?rest_route=\/wp\/v2\/posts\/418","targetHints":{"allow":["GET"]}}],"collection":[{"href":"https:\/\/noticiasdeesposende.pt\/index.php?rest_route=\/wp\/v2\/posts"}],"about":[{"href":"https:\/\/noticiasdeesposende.pt\/index.php?rest_route=\/wp\/v2\/types\/post"}],"author":[{"embeddable":true,"href":"https:\/\/noticiasdeesposende.pt\/index.php?rest_route=\/wp\/v2\/users\/3"}],"replies":[{"embeddable":true,"href":"https:\/\/noticiasdeesposende.pt\/index.php?rest_route=%2Fwp%2Fv2%2Fcomments&post=418"}],"version-history":[{"count":1,"href":"https:\/\/noticiasdeesposende.pt\/index.php?rest_route=\/wp\/v2\/posts\/418\/revisions"}],"predecessor-version":[{"id":722,"href":"https:\/\/noticiasdeesposende.pt\/index.php?rest_route=\/wp\/v2\/posts\/418\/revisions\/722"}],"wp:attachment":[{"href":"https:\/\/noticiasdeesposende.pt\/index.php?rest_route=%2Fwp%2Fv2%2Fmedia&parent=418"}],"wp:term":[{"taxonomy":"category","embeddable":true,"href":"https:\/\/noticiasdeesposende.pt\/index.php?rest_route=%2Fwp%2Fv2%2Fcategories&post=418"},{"taxonomy":"post_tag","embeddable":true,"href":"https:\/\/noticiasdeesposende.pt\/index.php?rest_route=%2Fwp%2Fv2%2Ftags&post=418"}],"curies":[{"name":"wp","href":"https:\/\/api.w.org\/{rel}","templated":true}]}}