{"id":421,"date":"2025-04-07T10:39:21","date_gmt":"2025-04-07T10:39:21","guid":{"rendered":"https:\/\/noticiasdeesposende.pt\/?p=421"},"modified":"2026-08-25T15:48:04","modified_gmt":"2026-08-25T15:48:04","slug":"mais-de-450-mil-euros-para-o-desporto","status":"publish","type":"post","link":"https:\/\/noticiasdeesposende.pt\/?p=421","title":{"rendered":"Mais de 450 mil euros para o desporto"},"content":{"rendered":"\n<p class=\"wp-block-paragraph\">O Munic\u00edpio de Esposende assinou na passada quarta-feira, 02 de abril, os contratos-programa com cinco associa\u00e7\u00f5es distritais e 30 associa\u00e7\u00f5es desportivas locais, num investimento global de 458.310 euros, refor\u00e7ando assim o compromisso com o desenvolvimento do desporto no concelho.<\/p>\n\n\n\n<p class=\"wp-block-paragraph\">Presidida por Guilherme Em\u00edlio, presidente da C\u00e2mara Municipal de Esposende, a cerim\u00f3nia marcou um novo passo na aposta estrat\u00e9gica do Munic\u00edpio em criar melhores condi\u00e7\u00f5es para a pr\u00e1tica desportiva, abrangendo 2.108 atletas de 15 modalidades distintas, entre as quais futebol, canoagem, equita\u00e7\u00e3o, h\u00f3quei em patins, patinagem art\u00edstica, andebol, atletismo, basquetebol (incluindo adaptado), badminton, voleibol, vela, karat\u00e9, taekwondo e motociclismo.<\/p>\n\n\n\n<p class=\"wp-block-paragraph\">\u201cEste investimento reflete a for\u00e7a, a dedica\u00e7\u00e3o e o trabalho \u00e1rduo de todos os que se entregam ao desporto com paix\u00e3o e zelo\u201d, destacou o autarca, sublinhando que o apoio municipal \u201cultrapassa 1 milh\u00e3o de euros, considerando tamb\u00e9m a manuten\u00e7\u00e3o das infraestruturas e outros apoios indiretos\u201d. Guilherme Em\u00edlio enfatizou ainda o papel do desporto como \u201cescola de vida\u201d, promotora de valores como a disciplina, amizade, trabalho em equipa e supera\u00e7\u00e3o pessoal.<\/p>\n\n\n\n<p class=\"wp-block-paragraph\">O presidente da C\u00e2mara sublinhou tamb\u00e9m a forte aposta na inclus\u00e3o, destacando os programas espec\u00edficos direcionados a crian\u00e7as com necessidades educativas especiais, com um apoio de 41.800 euros para garantir que o desporto seja verdadeiramente um direito acess\u00edvel a todos.<\/p>\n\n\n\n<p class=\"wp-block-paragraph\">Com um refor\u00e7o de 167 atletas federados face ao ano anterior, o apoio direto \u00e0 pr\u00e1tica desportiva federada ascende a 210.800 euros. J\u00e1 o apoio \u00e0 pr\u00e1tica n\u00e3o federada representa 17.900 euros, enquanto \u00e0 organiza\u00e7\u00e3o de competi\u00e7\u00f5es e torneios s\u00e3o destinados 144.800 euros. Os contratos abrangem ainda apoio ao aluguer de instala\u00e7\u00f5es (10.800 euros) e gest\u00e3o e manuten\u00e7\u00e3o de infraestruturas (32.210 euros).<\/p>\n\n\n\n<p class=\"wp-block-paragraph\">Entre os clubes e associa\u00e7\u00f5es apoiados encontram-se entidades como a ACARF \u2013 Associa\u00e7\u00e3o Cultural Art\u00edstica e Recreativa de Forj\u00e3es, ADRC Criaz, \u00c1guias Serpa Pinto, Antas Futebol Clube, Associa\u00e7\u00e3o Desportiva Esposende, Esposende Basket Clube, Clube de Futebol F\u00e3o, e H\u00f3quei Clube de F\u00e3o, entre outros. Ser\u00e3o tamb\u00e9m firmados protocolos de desenvolvimento desportivo com entidades como a Federa\u00e7\u00e3o Portuguesa de Basquetebol, a Associa\u00e7\u00e3o de Andebol de Braga, a Associa\u00e7\u00e3o de Atletismo de Braga, a Associa\u00e7\u00e3o de Futebol de Braga, entre outras.<\/p>\n","protected":false},"excerpt":{"rendered":"<p>O Munic\u00edpio de Esposende assinou na passada quarta-feira, 02 de abril, os contratos-programa com cinco associa\u00e7\u00f5es distritais e 30 associa\u00e7\u00f5es desportivas locais, num investimento global de 458.310 euros, refor\u00e7ando assim o compromisso com o desenvolvimento do desporto no concelho. Presidida por Guilherme Em\u00edlio, presidente da C\u00e2mara Municipal de Esposende, a cerim\u00f3nia marcou um novo passo [&hellip;]<\/p>\n","protected":false},"author":3,"featured_media":422,"comment_status":"open","ping_status":"open","sticky":false,"template":"","format":"standard","meta":{"footnotes":"","jetpack_publicize_message":"","jetpack_publicize_feature_enabled":true,"jetpack_social_post_already_shared":false,"jetpack_social_options":{"image_generator_settings":{"template":"highway","default_image_id":0,"font":"","enabled":false},"version":2}},"categories":[134],"tags":[77],"class_list":["post-421","post","type-post","status-publish","format-standard","has-post-thumbnail","category-arquivo","tag-camara-municipal-de-esposende"],"jetpack_publicize_connections":[],"_links":{"self":[{"href":"https:\/\/noticiasdeesposende.pt\/index.php?rest_route=\/wp\/v2\/posts\/421","targetHints":{"allow":["GET"]}}],"collection":[{"href":"https:\/\/noticiasdeesposende.pt\/index.php?rest_route=\/wp\/v2\/posts"}],"about":[{"href":"https:\/\/noticiasdeesposende.pt\/index.php?rest_route=\/wp\/v2\/types\/post"}],"author":[{"embeddable":true,"href":"https:\/\/noticiasdeesposende.pt\/index.php?rest_route=\/wp\/v2\/users\/3"}],"replies":[{"embeddable":true,"href":"https:\/\/noticiasdeesposende.pt\/index.php?rest_route=%2Fwp%2Fv2%2Fcomments&post=421"}],"version-history":[{"count":1,"href":"https:\/\/noticiasdeesposende.pt\/index.php?rest_route=\/wp\/v2\/posts\/421\/revisions"}],"predecessor-version":[{"id":721,"href":"https:\/\/noticiasdeesposende.pt\/index.php?rest_route=\/wp\/v2\/posts\/421\/revisions\/721"}],"wp:attachment":[{"href":"https:\/\/noticiasdeesposende.pt\/index.php?rest_route=%2Fwp%2Fv2%2Fmedia&parent=421"}],"wp:term":[{"taxonomy":"category","embeddable":true,"href":"https:\/\/noticiasdeesposende.pt\/index.php?rest_route=%2Fwp%2Fv2%2Fcategories&post=421"},{"taxonomy":"post_tag","embeddable":true,"href":"https:\/\/noticiasdeesposende.pt\/index.php?rest_route=%2Fwp%2Fv2%2Ftags&post=421"}],"curies":[{"name":"wp","href":"https:\/\/api.w.org\/{rel}","templated":true}]}}