{"id":425,"date":"2025-04-07T10:45:01","date_gmt":"2025-04-07T10:45:01","guid":{"rendered":"https:\/\/noticiasdeesposende.pt\/?p=425"},"modified":"2026-08-25T15:47:29","modified_gmt":"2026-08-25T15:47:29","slug":"esposende-recebe-workshop-do-projeto-acelerar-o-norte","status":"publish","type":"post","link":"https:\/\/noticiasdeesposende.pt\/?p=425","title":{"rendered":"Esposende recebe workshop do projeto Acelerar o Norte"},"content":{"rendered":"\n<p class=\"wp-block-paragraph\">Com o objetivo de sensibilizar, mobilizar e qualificar as Micro e PME da regi\u00e3o Norte para as vantagens da implementa\u00e7\u00e3o de um modelo de neg\u00f3cio digital, o projeto Acelerar o Norte continua a percorrer as 8 sub-regi\u00f5es do Norte do pa\u00eds com o Roadshow de Capacita\u00e7\u00e3o para qualificar as empresas aderentes ao projeto.<\/p>\n\n\n\n<p class=\"wp-block-paragraph\">No pr\u00f3ximo dia 10 de abril, atrav\u00e9s da Aceleradora de Com\u00e9rcio Digital de Esposende e em parceria com a&nbsp;Associa\u00e7\u00e3o Comercial e Industrial do Concelho de Esposende, o Acelerar o Norte vai estar em Esposende.<\/p>\n\n\n\n<p class=\"wp-block-paragraph\">Dirigido aos empres\u00e1rios do Norte de Portugal dos setores do com\u00e9rcio, servi\u00e7os pessoais e da restaura\u00e7\u00e3o e similares, o objetivo do Roadshow de Capacita\u00e7\u00e3o do Norte \u00e9 promover, gratuitamente, workshops sobre diversas tem\u00e1ticas para qualificar as empresas (gestores e colaboradores) aderentes ao projeto sobre ferramentas, boas pr\u00e1ticas e estrat\u00e9gias de marketing digital<a>.<\/a><\/p>\n\n\n\n<p class=\"wp-block-paragraph\">Desde o Alto Minho, passando pelo C\u00e1vado, Ave, Alto T\u00e2mega, \u00c1rea Metropolitana do Porto, T\u00e2mega e Sousa e terminando no Douro e Terras de Tr\u00e1s-os-Montes, o Acelerar o Norte tem percorrido toda a regi\u00e3o com o Roadshow para a Digitaliza\u00e7\u00e3o do Norte, para apresentar o projeto \u00e0 comunidade empresarial local, e com o Roadshow de Capacita\u00e7\u00e3o do Norte, a promover workshops sobre diversas tem\u00e1ticas para qualificar as empresas aderentes ao projeto.<\/p>\n\n\n\n<p class=\"wp-block-paragraph\"><strong><u>Workshop \u201cReceber dos clientes na internet\u201d<\/u><\/strong><\/p>\n\n\n\n<p class=\"wp-block-paragraph\">Data: 10 de abril<\/p>\n\n\n\n<p class=\"wp-block-paragraph\">Hor\u00e1rio: 19:00 \u2013 21:00&nbsp;<\/p>\n\n\n\n<p class=\"wp-block-paragraph\">Local: Associa\u00e7\u00e3o Comercial e Industrial do Concelho de Esposende<\/p>\n\n\n\n<p class=\"wp-block-paragraph\">(Largo Comandante Oliveira Martins, 12 -13, 4740-211 Esposende)<\/p>\n\n\n\n<p class=\"wp-block-paragraph\">Link inscri\u00e7\u00e3o:&nbsp;<a href=\"https:\/\/tinyurl.com\/aceleraronorte-esposende-7\" target=\"_blank\" rel=\"noreferrer noopener\">https:\/\/tinyurl.com\/aceleraronorte-esposende-7<\/a><\/p>\n\n\n\n<p class=\"wp-block-paragraph\"><strong>Programa<\/strong><\/p>\n\n\n\n<p class=\"wp-block-paragraph\">&#8211; Boas-vindas: Elisabete Martins, Gestora de Transi\u00e7\u00e3o Digital da Aceleradora de Com\u00e9rcio Digital de Esposende<\/p>\n\n\n\n<p class=\"wp-block-paragraph\">&#8211; Workshop \u201cReceber dos clientes na internet\u201d: Tatiana Ara\u00fajo, consultora na \u00e1rea digital<\/p>\n\n\n\n<p class=\"wp-block-paragraph\">&#8211; Integrar um sistema de pagamento<\/p>\n\n\n\n<p class=\"wp-block-paragraph\">&#8211; Planeamento de entregas e pol\u00edticas de devolu\u00e7\u00e3o<\/p>\n\n\n\n<p class=\"wp-block-paragraph\">&#8211; Pr\u00e1ticas de cobran\u00e7a online<\/p>\n\n\n\n<p class=\"wp-block-paragraph\">Para complementar os workshops, o projeto Acelerar o Norte criou a Academia Digital, uma plataforma online de aprendizagem (de acesso gratuito), com conte\u00fados na \u00e1rea do digital.<\/p>\n\n\n\n<p class=\"wp-block-paragraph\"><strong>Acelerar o Norte:<\/strong><\/p>\n\n\n\n<p class=\"wp-block-paragraph\">A CCP, a AEP, a AHRESP e a ACEPI criaram um cons\u00f3rcio&nbsp;para capacitar as empresas do Norte de Portugal, dos setores do com\u00e9rcio, servi\u00e7os pessoais e da restaura\u00e7\u00e3o e similares, para a economia digital<a>.<\/a><\/p>\n\n\n\n<p class=\"wp-block-paragraph\">Com o projeto Acelerar o Norte,&nbsp;apresentado em outubro do ano passado, na Exponor,&nbsp;o objetivo \u00e9 aumentar a competitividade do tecido econ\u00f3mico local e projetar o Norte em dire\u00e7\u00e3o ao futuro digital.<\/p>\n\n\n\n<p class=\"wp-block-paragraph\">O projeto, que estima abranger mais de 50 mil comerciantes, empres\u00e1rios e colaboradores de&nbsp;micro, pequenas e m\u00e9dias empresas das oito sub-regi\u00f5es do Norte do Portugal, tem&nbsp;um investimento de 19 milh\u00f5es de&nbsp;euros e a dura\u00e7\u00e3o de dois anos.<\/p>\n\n\n\n<p class=\"wp-block-paragraph\">Atrav\u00e9s de parcerias com associa\u00e7\u00f5es locais (Alto Minho, C\u00e1vado, Ave, Alto T\u00e2mega, \u00c1rea Metropolitana do Porto, T\u00e2mega e Sousa, Douro e Terras de Tr\u00e1s-os-Montes), o Acelerar o Norte vai apoiar e orientar neg\u00f3cios de proximidade com a cria\u00e7\u00e3o de 16 Aceleradoras de Com\u00e9rcio Digital.<\/p>\n\n\n\n<p class=\"wp-block-paragraph\">Para facilitar a ado\u00e7\u00e3o de estrat\u00e9gias e solu\u00e7\u00f5es digitais, que permitam \u00e0s empresas atrair novos clientes, alcan\u00e7ar mais vendas e simplificar processos, o Acelerar o Norte vai disponibilizar, gratuitamente, ferramentas para avaliar o n\u00edvel de maturidade digital do neg\u00f3cio, prestar apoio na elabora\u00e7\u00e3o de planos de transi\u00e7\u00e3o digital, disponibilizar vouchers at\u00e9 2 mil euros para acesso a servi\u00e7os de transi\u00e7\u00e3o digital e promover sess\u00f5es de informa\u00e7\u00e3o.<\/p>\n\n\n\n<p class=\"wp-block-paragraph\">O projeto Acelerar o Norte \u00e9 desenvolvido pela Confedera\u00e7\u00e3o do Com\u00e9rcio e Servi\u00e7os de Portugal (CCP), e copromovido pela AEP &#8211; Associa\u00e7\u00e3o Empresarial de Portugal, pela AHRESP &#8211; Associa\u00e7\u00e3o da Hotelaria, Restaura\u00e7\u00e3o e Similares de Portugal e pela ACEPI &#8211; Associa\u00e7\u00e3o da Economia Digital e financiado pela Uni\u00e3o Europeia, no \u00e2mbito do Programa de Recupera\u00e7\u00e3o e Resili\u00eancia e do NextGenerationEu, na Componente 16 &#8211; Empresas 4.0, e aprovado na sequ\u00eancia da publica\u00e7\u00e3o do Aviso N.\u00ba 04\/C16-102\/2022 &#8211; Aceleradoras de Com\u00e9rcio Digital.<\/p>\n","protected":false},"excerpt":{"rendered":"<p>Com o objetivo de sensibilizar, mobilizar e qualificar as Micro e PME da regi\u00e3o Norte para as vantagens da implementa\u00e7\u00e3o de um modelo de neg\u00f3cio digital, o projeto Acelerar o Norte continua a percorrer as 8 sub-regi\u00f5es do Norte do pa\u00eds com o Roadshow de Capacita\u00e7\u00e3o para qualificar as empresas aderentes ao projeto. No pr\u00f3ximo [&hellip;]<\/p>\n","protected":false},"author":3,"featured_media":426,"comment_status":"open","ping_status":"open","sticky":false,"template":"","format":"standard","meta":{"footnotes":"","jetpack_publicize_message":"","jetpack_publicize_feature_enabled":true,"jetpack_social_post_already_shared":false,"jetpack_social_options":{"image_generator_settings":{"template":"highway","default_image_id":0,"font":"","enabled":false},"version":2}},"categories":[134],"tags":[94,95],"class_list":["post-425","post","type-post","status-publish","format-standard","has-post-thumbnail","category-arquivo","tag-acelerar-o-norte","tag-acice"],"jetpack_publicize_connections":[],"_links":{"self":[{"href":"https:\/\/noticiasdeesposende.pt\/index.php?rest_route=\/wp\/v2\/posts\/425","targetHints":{"allow":["GET"]}}],"collection":[{"href":"https:\/\/noticiasdeesposende.pt\/index.php?rest_route=\/wp\/v2\/posts"}],"about":[{"href":"https:\/\/noticiasdeesposende.pt\/index.php?rest_route=\/wp\/v2\/types\/post"}],"author":[{"embeddable":true,"href":"https:\/\/noticiasdeesposende.pt\/index.php?rest_route=\/wp\/v2\/users\/3"}],"replies":[{"embeddable":true,"href":"https:\/\/noticiasdeesposende.pt\/index.php?rest_route=%2Fwp%2Fv2%2Fcomments&post=425"}],"version-history":[{"count":1,"href":"https:\/\/noticiasdeesposende.pt\/index.php?rest_route=\/wp\/v2\/posts\/425\/revisions"}],"predecessor-version":[{"id":720,"href":"https:\/\/noticiasdeesposende.pt\/index.php?rest_route=\/wp\/v2\/posts\/425\/revisions\/720"}],"wp:attachment":[{"href":"https:\/\/noticiasdeesposende.pt\/index.php?rest_route=%2Fwp%2Fv2%2Fmedia&parent=425"}],"wp:term":[{"taxonomy":"category","embeddable":true,"href":"https:\/\/noticiasdeesposende.pt\/index.php?rest_route=%2Fwp%2Fv2%2Fcategories&post=425"},{"taxonomy":"post_tag","embeddable":true,"href":"https:\/\/noticiasdeesposende.pt\/index.php?rest_route=%2Fwp%2Fv2%2Ftags&post=425"}],"curies":[{"name":"wp","href":"https:\/\/api.w.org\/{rel}","templated":true}]}}