{"id":428,"date":"2025-04-07T15:45:22","date_gmt":"2025-04-07T15:45:22","guid":{"rendered":"https:\/\/noticiasdeesposende.pt\/?p=428"},"modified":"2026-08-25T15:47:29","modified_gmt":"2026-08-25T15:47:29","slug":"ponte-fechada-ao-transito-ate-dia-17-de-abril","status":"publish","type":"post","link":"https:\/\/noticiasdeesposende.pt\/?p=428","title":{"rendered":"Ponte fechada ao tr\u00e2nsito at\u00e9 dia 17 de abril"},"content":{"rendered":"\n<p class=\"wp-block-paragraph\">Com a reabilita\u00e7\u00e3o estrutural da Ponte D. Lu\u00eds Filipe, entre Gandra e F\u00e3o, na sua fase final, o tr\u00e2nsito rodovi\u00e1rio estar\u00e1 encerrado a partir de hoje e at\u00e9, estima-se, 17 de abril de 2025.<\/p>\n\n\n\n<p class=\"wp-block-paragraph\">O timing foi escolhido por forma a tentar minimizar o impacto deste condicionamento, aproveitando tamb\u00e9m o per\u00edodo de f\u00e9rias escolares da P\u00e1scoa.<\/p>\n","protected":false},"excerpt":{"rendered":"<p>Com a reabilita\u00e7\u00e3o estrutural da Ponte D. Lu\u00eds Filipe, entre Gandra e F\u00e3o, na sua fase final, o tr\u00e2nsito rodovi\u00e1rio estar\u00e1 encerrado a partir de hoje e at\u00e9, estima-se, 17 de abril de 2025. O timing foi escolhido por forma a tentar minimizar o impacto deste condicionamento, aproveitando tamb\u00e9m o per\u00edodo de f\u00e9rias escolares da [&hellip;]<\/p>\n","protected":false},"author":3,"featured_media":429,"comment_status":"open","ping_status":"open","sticky":false,"template":"","format":"standard","meta":{"footnotes":"","jetpack_publicize_message":"","jetpack_publicize_feature_enabled":true,"jetpack_social_post_already_shared":false,"jetpack_social_options":{"image_generator_settings":{"template":"highway","default_image_id":0,"font":"","enabled":false},"version":2}},"categories":[134],"tags":[96],"class_list":["post-428","post","type-post","status-publish","format-standard","has-post-thumbnail","category-arquivo","tag-ponte-d-luis-filipe"],"jetpack_publicize_connections":[],"_links":{"self":[{"href":"https:\/\/noticiasdeesposende.pt\/index.php?rest_route=\/wp\/v2\/posts\/428","targetHints":{"allow":["GET"]}}],"collection":[{"href":"https:\/\/noticiasdeesposende.pt\/index.php?rest_route=\/wp\/v2\/posts"}],"about":[{"href":"https:\/\/noticiasdeesposende.pt\/index.php?rest_route=\/wp\/v2\/types\/post"}],"author":[{"embeddable":true,"href":"https:\/\/noticiasdeesposende.pt\/index.php?rest_route=\/wp\/v2\/users\/3"}],"replies":[{"embeddable":true,"href":"https:\/\/noticiasdeesposende.pt\/index.php?rest_route=%2Fwp%2Fv2%2Fcomments&post=428"}],"version-history":[{"count":1,"href":"https:\/\/noticiasdeesposende.pt\/index.php?rest_route=\/wp\/v2\/posts\/428\/revisions"}],"predecessor-version":[{"id":719,"href":"https:\/\/noticiasdeesposende.pt\/index.php?rest_route=\/wp\/v2\/posts\/428\/revisions\/719"}],"wp:attachment":[{"href":"https:\/\/noticiasdeesposende.pt\/index.php?rest_route=%2Fwp%2Fv2%2Fmedia&parent=428"}],"wp:term":[{"taxonomy":"category","embeddable":true,"href":"https:\/\/noticiasdeesposende.pt\/index.php?rest_route=%2Fwp%2Fv2%2Fcategories&post=428"},{"taxonomy":"post_tag","embeddable":true,"href":"https:\/\/noticiasdeesposende.pt\/index.php?rest_route=%2Fwp%2Fv2%2Ftags&post=428"}],"curies":[{"name":"wp","href":"https:\/\/api.w.org\/{rel}","templated":true}]}}