{"id":431,"date":"2025-04-08T15:57:49","date_gmt":"2025-04-08T15:57:49","guid":{"rendered":"https:\/\/noticiasdeesposende.pt\/?p=431"},"modified":"2026-08-25T15:47:29","modified_gmt":"2026-08-25T15:47:29","slug":"esposende-vive-tradicao-da-semana-santa","status":"publish","type":"post","link":"https:\/\/noticiasdeesposende.pt\/?p=431","title":{"rendered":"Esposende vive tradi\u00e7\u00e3o da Semana Santa"},"content":{"rendered":"\n<p class=\"wp-block-paragraph\">Esposende prepara-se para acolher, de 11 a 21 de abril, uma das celebra\u00e7\u00f5es mais aguardadas do ano \u2013 a Semana Santa. Este evento religioso e cultural, de grande significado para a comunidade, promete envolver visitantes e locais em momentos de reflex\u00e3o e celebra\u00e7\u00e3o. A programa\u00e7\u00e3o arranca no dia 11 de abril com a tradicional Via Sacra Arciprestal, marcando o in\u00edcio de uma s\u00e9rie de a\u00e7\u00f5es culturais e religiosas que se estendem at\u00e9 \u00e0 P\u00e1scoa.<\/p>\n\n\n\n<p class=\"wp-block-paragraph\">No dia 12 de abril, a Igreja Matriz de Ap\u00falia recebe o concerto \u201cPrece\u201d, com a participa\u00e7\u00e3o do Coro de Pequenos Cantores de Esposende e do Coro Ars Vocalis. O concerto ser\u00e1 ainda marcado pela estreia das obras \u201cPie Jesu\u201d, de Telmo Marques, e \u201cO Vos Omnes\u201d, de Rui Paulo Teixeira. No dia seguinte, 13 de abril, o Domingo de Ramos come\u00e7a com a b\u00ean\u00e7\u00e3o de Ramos na Igreja da Miseric\u00f3rdia, seguida pela Prociss\u00e3o da Entrada Triunfal de Jesus em Jerusal\u00e9m. \u00c0s 16h00, a Igreja Matriz recebe o quarteto de cordas da Orquestra da Costa Atl\u00e2ntica, que ir\u00e1 interpretar a obra \u201cAs Sete \u00daltimas Palavras de Cristo na Cruz\u201d, de Joseph Haydn.<\/p>\n\n\n\n<p class=\"wp-block-paragraph\">No dia 16 de abril, a Prociss\u00e3o de Velas, com o andor de Nossa Senhora da Soledade, percorrer\u00e1 as ruas de Esposende, partindo da Capela da Senhora da Sa\u00fade e seguindo at\u00e9 \u00e0 Igreja Matriz. No dia 17 de abril, ser\u00e1 celebrada a Missa da Institui\u00e7\u00e3o da Eucaristia, seguida pela Cerim\u00f3nia do &#8220;Lava-P\u00e9s&#8221;, e, mais tarde, a Prociss\u00e3o do Encontro, um dos momentos mais emblem\u00e1ticos da Semana Santa de Esposende. A cidade vivenciar\u00e1, no dia 18 de abril, a Prociss\u00e3o do Enterro do Senhor, acompanhada pela Banda de M\u00fasica de Belinho, com um trajeto pelas ruas centrais e finalizando na Igreja Matriz com o Serm\u00e3o da Soledade.<\/p>\n\n\n\n<p class=\"wp-block-paragraph\">No dia 19 de abril, o S\u00e1bado Santo ser\u00e1 marcado pela tradicional Queima do Judas, \u00e0s 23h50, e pela Vig\u00edlia Pascal, \u00e0s 22h00. O Domingo de P\u00e1scoa, 20 de abril, ser\u00e1 celebrado com a Missa Pascal, \u00e0s 9h30, e a visita Pascal \u00e0s Institui\u00e7\u00f5es. \u00c0 tarde, realiza-se a tradicional \u201crecolha do compasso\u201d, que culminar\u00e1 com a celebra\u00e7\u00e3o eucar\u00edstica na Igreja Matriz. No dia 21 de abril, a Semana Santa de Esposende ser\u00e1 encerrada com a prociss\u00e3o de recolha das Imagens de Nossa Senhora da Piedade e de Nossa Senhora da Soledade para as respetivas igrejas.<\/p>\n\n\n\n<p class=\"wp-block-paragraph\">Al\u00e9m dos momentos de f\u00e9, a Semana Santa de Esposende oferece uma rica experi\u00eancia cultural, com a cidade a convidar todos a explorar o seu patrim\u00f3nio hist\u00f3rico, os percursos de mobilidade suave e a sua gastronomia, que funde tradi\u00e7\u00e3o e inova\u00e7\u00e3o. Este evento torna Esposende um destino de destaque, promovendo o turismo, o com\u00e9rcio local e a restaura\u00e7\u00e3o, enquanto refor\u00e7a a coes\u00e3o comunit\u00e1ria e o sentimento de perten\u00e7a.<\/p>\n\n\n\n<p class=\"wp-block-paragraph\">Esposende aguarda todos para celebrar a f\u00e9, a cultura e a tradi\u00e7\u00e3o nesta Semana Santa \u00fanica e memor\u00e1vel.<\/p>\n\n\n\n<p class=\"wp-block-paragraph\"><\/p>\n","protected":false},"excerpt":{"rendered":"<p>Esposende prepara-se para acolher, de 11 a 21 de abril, uma das celebra\u00e7\u00f5es mais aguardadas do ano \u2013 a Semana Santa. Este evento religioso e cultural, de grande significado para a comunidade, promete envolver visitantes e locais em momentos de reflex\u00e3o e celebra\u00e7\u00e3o. A programa\u00e7\u00e3o arranca no dia 11 de abril com a tradicional Via [&hellip;]<\/p>\n","protected":false},"author":3,"featured_media":432,"comment_status":"open","ping_status":"open","sticky":false,"template":"","format":"standard","meta":{"footnotes":"","jetpack_publicize_message":"","jetpack_publicize_feature_enabled":true,"jetpack_social_post_already_shared":false,"jetpack_social_options":{"image_generator_settings":{"template":"highway","default_image_id":0,"font":"","enabled":false},"version":2}},"categories":[134],"tags":[97],"class_list":["post-431","post","type-post","status-publish","format-standard","has-post-thumbnail","category-arquivo","tag-religiao"],"jetpack_publicize_connections":[],"_links":{"self":[{"href":"https:\/\/noticiasdeesposende.pt\/index.php?rest_route=\/wp\/v2\/posts\/431","targetHints":{"allow":["GET"]}}],"collection":[{"href":"https:\/\/noticiasdeesposende.pt\/index.php?rest_route=\/wp\/v2\/posts"}],"about":[{"href":"https:\/\/noticiasdeesposende.pt\/index.php?rest_route=\/wp\/v2\/types\/post"}],"author":[{"embeddable":true,"href":"https:\/\/noticiasdeesposende.pt\/index.php?rest_route=\/wp\/v2\/users\/3"}],"replies":[{"embeddable":true,"href":"https:\/\/noticiasdeesposende.pt\/index.php?rest_route=%2Fwp%2Fv2%2Fcomments&post=431"}],"version-history":[{"count":1,"href":"https:\/\/noticiasdeesposende.pt\/index.php?rest_route=\/wp\/v2\/posts\/431\/revisions"}],"predecessor-version":[{"id":718,"href":"https:\/\/noticiasdeesposende.pt\/index.php?rest_route=\/wp\/v2\/posts\/431\/revisions\/718"}],"wp:attachment":[{"href":"https:\/\/noticiasdeesposende.pt\/index.php?rest_route=%2Fwp%2Fv2%2Fmedia&parent=431"}],"wp:term":[{"taxonomy":"category","embeddable":true,"href":"https:\/\/noticiasdeesposende.pt\/index.php?rest_route=%2Fwp%2Fv2%2Fcategories&post=431"},{"taxonomy":"post_tag","embeddable":true,"href":"https:\/\/noticiasdeesposende.pt\/index.php?rest_route=%2Fwp%2Fv2%2Ftags&post=431"}],"curies":[{"name":"wp","href":"https:\/\/api.w.org\/{rel}","templated":true}]}}