{"id":434,"date":"2025-04-08T16:02:15","date_gmt":"2025-04-08T16:02:15","guid":{"rendered":"https:\/\/noticiasdeesposende.pt\/?p=434"},"modified":"2026-08-25T15:47:29","modified_gmt":"2026-08-25T15:47:29","slug":"forum-esposendense-compra-embarcacao-com-o-apoio-da-autarquia","status":"publish","type":"post","link":"https:\/\/noticiasdeesposende.pt\/?p=434","title":{"rendered":"F\u00f3rum esposendense compra embarca\u00e7\u00e3o com o apoio da autarquia"},"content":{"rendered":"\n<p class=\"wp-block-paragraph\">A C\u00e2mara Municipal de Esposende vai comparticipar a aquisi\u00e7\u00e3o de uma embarca\u00e7\u00e3o, pela Associa\u00e7\u00e3o C\u00edvica para o Desenvolvimento e Progresso do concelho de Esposende \u2013 F\u00f3rum Esposendense.<\/p>\n\n\n\n<p class=\"wp-block-paragraph\">Esta comparticipa\u00e7\u00e3o financeira, de 17.334,88 euros (50% do valor global), decorre das compet\u00eancias do Munic\u00edpio para apoiar atividades de natureza social, cultural, educativa, desportiva, recreativa de interesse para a popula\u00e7\u00e3o do munic\u00edpio e que contribuam para a promo\u00e7\u00e3o da sa\u00fade e preven\u00e7\u00e3o das doen\u00e7as.<\/p>\n\n\n\n<p class=\"wp-block-paragraph\">O apoio financeiro foi solicitado pelo F\u00f3rum Esposendense e visa a aquisi\u00e7\u00e3o de embarca\u00e7\u00e3o, motor fora de borda e atrelado, para apoio aos treinadores do Centro de Vela.<\/p>\n\n\n\n<p class=\"wp-block-paragraph\">Com o valor global de 34.669,76 euros, a nova embarca\u00e7\u00e3o substituir\u00e1 a existente no clube que apresenta elevado desgaste e cuja substitui\u00e7\u00e3o legalmente se impunha.<\/p>\n\n\n\n<p class=\"wp-block-paragraph\">Com a nova embarca\u00e7\u00e3o ser\u00e3o proporcionadas as condi\u00e7\u00f5es tidas como essenciais e de seguran\u00e7a, para o treino dos atletas, de forma a manter o n\u00edvel qualitativo e quantitativo de resultados do clube na modalidade de vela.<\/p>\n","protected":false},"excerpt":{"rendered":"<p>A C\u00e2mara Municipal de Esposende vai comparticipar a aquisi\u00e7\u00e3o de uma embarca\u00e7\u00e3o, pela Associa\u00e7\u00e3o C\u00edvica para o Desenvolvimento e Progresso do concelho de Esposende \u2013 F\u00f3rum Esposendense. Esta comparticipa\u00e7\u00e3o financeira, de 17.334,88 euros (50% do valor global), decorre das compet\u00eancias do Munic\u00edpio para apoiar atividades de natureza social, cultural, educativa, desportiva, recreativa de interesse para [&hellip;]<\/p>\n","protected":false},"author":3,"featured_media":435,"comment_status":"open","ping_status":"open","sticky":false,"template":"","format":"standard","meta":{"footnotes":"","jetpack_publicize_message":"","jetpack_publicize_feature_enabled":true,"jetpack_social_post_already_shared":false,"jetpack_social_options":{"image_generator_settings":{"template":"highway","default_image_id":0,"font":"","enabled":false},"version":2}},"categories":[134],"tags":[77,98],"class_list":["post-434","post","type-post","status-publish","format-standard","has-post-thumbnail","category-arquivo","tag-camara-municipal-de-esposende","tag-forum-esposendense"],"jetpack_publicize_connections":[],"_links":{"self":[{"href":"https:\/\/noticiasdeesposende.pt\/index.php?rest_route=\/wp\/v2\/posts\/434","targetHints":{"allow":["GET"]}}],"collection":[{"href":"https:\/\/noticiasdeesposende.pt\/index.php?rest_route=\/wp\/v2\/posts"}],"about":[{"href":"https:\/\/noticiasdeesposende.pt\/index.php?rest_route=\/wp\/v2\/types\/post"}],"author":[{"embeddable":true,"href":"https:\/\/noticiasdeesposende.pt\/index.php?rest_route=\/wp\/v2\/users\/3"}],"replies":[{"embeddable":true,"href":"https:\/\/noticiasdeesposende.pt\/index.php?rest_route=%2Fwp%2Fv2%2Fcomments&post=434"}],"version-history":[{"count":1,"href":"https:\/\/noticiasdeesposende.pt\/index.php?rest_route=\/wp\/v2\/posts\/434\/revisions"}],"predecessor-version":[{"id":717,"href":"https:\/\/noticiasdeesposende.pt\/index.php?rest_route=\/wp\/v2\/posts\/434\/revisions\/717"}],"wp:attachment":[{"href":"https:\/\/noticiasdeesposende.pt\/index.php?rest_route=%2Fwp%2Fv2%2Fmedia&parent=434"}],"wp:term":[{"taxonomy":"category","embeddable":true,"href":"https:\/\/noticiasdeesposende.pt\/index.php?rest_route=%2Fwp%2Fv2%2Fcategories&post=434"},{"taxonomy":"post_tag","embeddable":true,"href":"https:\/\/noticiasdeesposende.pt\/index.php?rest_route=%2Fwp%2Fv2%2Ftags&post=434"}],"curies":[{"name":"wp","href":"https:\/\/api.w.org\/{rel}","templated":true}]}}