{"id":454,"date":"2025-04-09T11:14:01","date_gmt":"2025-04-09T11:14:01","guid":{"rendered":"https:\/\/noticiasdeesposende.pt\/?p=454"},"modified":"2026-08-25T15:47:29","modified_gmt":"2026-08-25T15:47:29","slug":"tertulia-saida-do-armario","status":"publish","type":"post","link":"https:\/\/noticiasdeesposende.pt\/?p=454","title":{"rendered":"Tert\u00falia &#8220;Sa\u00edda do Arm\u00e1rio&#8221;"},"content":{"rendered":"\n<p class=\"wp-block-paragraph\">A tert\u00falia &#8220;Sa\u00edda do Arm\u00e1rio&#8221; assinala a primeira reuni\u00e3o do N\u00facleo LGBT de Esposende,\u00a0aberto a toda a popula\u00e7\u00e3o do Concelho, com o objetivo de criar comunidade e quebrar o isolamento. <\/p>\n\n\n\n<p class=\"wp-block-paragraph\">Entre encontros formais e informais, este n\u00facleo LGBT anuncia ter diversas atividades preparadas.<\/p>\n\n\n\n<p class=\"wp-block-paragraph\">Esta primeira reuni\u00e3o ser\u00e1 uma tert\u00falia sob o tema &#8220;<strong>Sa\u00edda do Arm\u00e1rio<\/strong>&#8221; e realiza-se esta sexta-feira, dia\u00a0<strong>11 de Abril, pelas 21h30<\/strong>\u00a0na Start Esposende. As inscri\u00e7\u00f5es s\u00e3o gratuitas.<\/p>\n","protected":false},"excerpt":{"rendered":"<p>A tert\u00falia &#8220;Sa\u00edda do Arm\u00e1rio&#8221; assinala a primeira reuni\u00e3o do N\u00facleo LGBT de Esposende,\u00a0aberto a toda a popula\u00e7\u00e3o do Concelho, com o objetivo de criar comunidade e quebrar o isolamento. Entre encontros formais e informais, este n\u00facleo LGBT anuncia ter diversas atividades preparadas. Esta primeira reuni\u00e3o ser\u00e1 uma tert\u00falia sob o tema &#8220;Sa\u00edda do Arm\u00e1rio&#8221; [&hellip;]<\/p>\n","protected":false},"author":3,"featured_media":455,"comment_status":"open","ping_status":"open","sticky":false,"template":"","format":"standard","meta":{"footnotes":"","jetpack_publicize_message":"","jetpack_publicize_feature_enabled":true,"jetpack_social_post_already_shared":false,"jetpack_social_options":{"image_generator_settings":{"template":"highway","default_image_id":0,"font":"","enabled":false},"version":2}},"categories":[134],"tags":[99,100,101],"class_list":["post-454","post","type-post","status-publish","format-standard","has-post-thumbnail","category-arquivo","tag-igualdade","tag-lgbt","tag-start-esposende"],"jetpack_publicize_connections":[],"_links":{"self":[{"href":"https:\/\/noticiasdeesposende.pt\/index.php?rest_route=\/wp\/v2\/posts\/454","targetHints":{"allow":["GET"]}}],"collection":[{"href":"https:\/\/noticiasdeesposende.pt\/index.php?rest_route=\/wp\/v2\/posts"}],"about":[{"href":"https:\/\/noticiasdeesposende.pt\/index.php?rest_route=\/wp\/v2\/types\/post"}],"author":[{"embeddable":true,"href":"https:\/\/noticiasdeesposende.pt\/index.php?rest_route=\/wp\/v2\/users\/3"}],"replies":[{"embeddable":true,"href":"https:\/\/noticiasdeesposende.pt\/index.php?rest_route=%2Fwp%2Fv2%2Fcomments&post=454"}],"version-history":[{"count":1,"href":"https:\/\/noticiasdeesposende.pt\/index.php?rest_route=\/wp\/v2\/posts\/454\/revisions"}],"predecessor-version":[{"id":715,"href":"https:\/\/noticiasdeesposende.pt\/index.php?rest_route=\/wp\/v2\/posts\/454\/revisions\/715"}],"wp:attachment":[{"href":"https:\/\/noticiasdeesposende.pt\/index.php?rest_route=%2Fwp%2Fv2%2Fmedia&parent=454"}],"wp:term":[{"taxonomy":"category","embeddable":true,"href":"https:\/\/noticiasdeesposende.pt\/index.php?rest_route=%2Fwp%2Fv2%2Fcategories&post=454"},{"taxonomy":"post_tag","embeddable":true,"href":"https:\/\/noticiasdeesposende.pt\/index.php?rest_route=%2Fwp%2Fv2%2Ftags&post=454"}],"curies":[{"name":"wp","href":"https:\/\/api.w.org\/{rel}","templated":true}]}}