{"id":457,"date":"2025-04-09T11:26:37","date_gmt":"2025-04-09T11:26:37","guid":{"rendered":"https:\/\/noticiasdeesposende.pt\/?p=457"},"modified":"2026-08-25T15:47:29","modified_gmt":"2026-08-25T15:47:29","slug":"requalificacao-do-lar-da-santa-casa-da-misericordia-de-fao-recebe-apoio-de-100-000e-da-autarquia","status":"publish","type":"post","link":"https:\/\/noticiasdeesposende.pt\/?p=457","title":{"rendered":"Requalifica\u00e7\u00e3o do Lar da Santa Casa da Miseric\u00f3rdia de F\u00e3o recebe apoio de 100.000\u20ac da autarquia"},"content":{"rendered":"\n<p class=\"wp-block-paragraph\">A C\u00e2mara Municipal de Esposende ir\u00e1 apoiar financeiramente as obras de requalifica\u00e7\u00e3o das instala\u00e7\u00f5es da Estrutura Residencial para Pessoas Idosas (Lar S. Jo\u00e3o de Deus) da Santa Casa da Miseric\u00f3rdia de F\u00e3o, com a quantia de 100.000,00\u20ac.<\/p>\n\n\n\n<p class=\"wp-block-paragraph\">A interven\u00e7\u00e3o tinha um investimento estimado de cerca de 327\u00a0000 euros, mas acabou por ter um custo superior a 475 mil euros, devido a v\u00e1rios contratempos, nomeadamente a insolv\u00eancia da empresa que ganhou o concurso p\u00fablico de empreitada, a pandemia da Covid-19 e, ainda, o aumento dos pre\u00e7os dos materiais derivado dos conflitos armados vividos Ucr\u00e2nia e no M\u00e9dio Oriente.<\/p>\n\n\n\n<p class=\"wp-block-paragraph\">Face a t\u00e3o elevado investimento, a Santa Casa da Miseric\u00f3rdia de F\u00e3o solicitou apoio \u00e0 C\u00e2mara Municipal de Esposende, que entendeu comparticipar nos custos da obra, atendendo a que a interven\u00e7\u00e3o possibilitou assegurar melhores condi\u00e7\u00f5es dos servi\u00e7os prestados pela institui\u00e7\u00e3o, nomeadamente as condi\u00e7\u00f5es de conforto e bem-estar dos utentes do Lar.<\/p>\n","protected":false},"excerpt":{"rendered":"<p>A C\u00e2mara Municipal de Esposende ir\u00e1 apoiar financeiramente as obras de requalifica\u00e7\u00e3o das instala\u00e7\u00f5es da Estrutura Residencial para Pessoas Idosas (Lar S. Jo\u00e3o de Deus) da Santa Casa da Miseric\u00f3rdia de F\u00e3o, com a quantia de 100.000,00\u20ac. A interven\u00e7\u00e3o tinha um investimento estimado de cerca de 327\u00a0000 euros, mas acabou por ter um custo superior [&hellip;]<\/p>\n","protected":false},"author":3,"featured_media":458,"comment_status":"open","ping_status":"open","sticky":false,"template":"","format":"standard","meta":{"footnotes":"","jetpack_publicize_message":"","jetpack_publicize_feature_enabled":true,"jetpack_social_post_already_shared":false,"jetpack_social_options":{"image_generator_settings":{"template":"highway","default_image_id":0,"font":"","enabled":false},"version":2}},"categories":[134],"tags":[77,102],"class_list":["post-457","post","type-post","status-publish","format-standard","has-post-thumbnail","category-arquivo","tag-camara-municipal-de-esposende","tag-santa-casa-da-misericordia-de-fao"],"jetpack_publicize_connections":[],"_links":{"self":[{"href":"https:\/\/noticiasdeesposende.pt\/index.php?rest_route=\/wp\/v2\/posts\/457","targetHints":{"allow":["GET"]}}],"collection":[{"href":"https:\/\/noticiasdeesposende.pt\/index.php?rest_route=\/wp\/v2\/posts"}],"about":[{"href":"https:\/\/noticiasdeesposende.pt\/index.php?rest_route=\/wp\/v2\/types\/post"}],"author":[{"embeddable":true,"href":"https:\/\/noticiasdeesposende.pt\/index.php?rest_route=\/wp\/v2\/users\/3"}],"replies":[{"embeddable":true,"href":"https:\/\/noticiasdeesposende.pt\/index.php?rest_route=%2Fwp%2Fv2%2Fcomments&post=457"}],"version-history":[{"count":1,"href":"https:\/\/noticiasdeesposende.pt\/index.php?rest_route=\/wp\/v2\/posts\/457\/revisions"}],"predecessor-version":[{"id":714,"href":"https:\/\/noticiasdeesposende.pt\/index.php?rest_route=\/wp\/v2\/posts\/457\/revisions\/714"}],"wp:attachment":[{"href":"https:\/\/noticiasdeesposende.pt\/index.php?rest_route=%2Fwp%2Fv2%2Fmedia&parent=457"}],"wp:term":[{"taxonomy":"category","embeddable":true,"href":"https:\/\/noticiasdeesposende.pt\/index.php?rest_route=%2Fwp%2Fv2%2Fcategories&post=457"},{"taxonomy":"post_tag","embeddable":true,"href":"https:\/\/noticiasdeesposende.pt\/index.php?rest_route=%2Fwp%2Fv2%2Ftags&post=457"}],"curies":[{"name":"wp","href":"https:\/\/api.w.org\/{rel}","templated":true}]}}