{"id":460,"date":"2025-04-09T11:41:37","date_gmt":"2025-04-09T11:41:37","guid":{"rendered":"https:\/\/noticiasdeesposende.pt\/?p=460"},"modified":"2026-08-25T15:47:29","modified_gmt":"2026-08-25T15:47:29","slug":"programa-educar-e-coisa-seria-promove-apoio-a-infancia-juventude-e-parentalidade-em-esposende","status":"publish","type":"post","link":"https:\/\/noticiasdeesposende.pt\/?p=460","title":{"rendered":"Programa \u201cEducar \u00e9 coisa s\u00e9ria!\u201d promove apoio \u00e0 inf\u00e2ncia, juventude e parentalidade em Esposende"},"content":{"rendered":"\n<p class=\"wp-block-paragraph\">O Munic\u00edpio de Esposende vai avan\u00e7ar com a implementa\u00e7\u00e3o do Programa de Apoio \u00e0 Inf\u00e2ncia, Juventude e Parentalidade \u201cEducar \u00e9 coisa s\u00e9ria!\u201d, numa perspetiva de promo\u00e7\u00e3o de um concelho cada vez mais coeso, alicer\u00e7ado em n\u00facleos familiares conscientes e respons\u00e1veis.<\/p>\n\n\n\n<p class=\"wp-block-paragraph\">Esta medida decorre de uma car\u00eancia aferida no \u00e2mbito do Diagn\u00f3stico da Realidade Infantojuvenil realizado no concelho de Esposende, que apontou para um conjunto de necessidades no \u00e2mbito do apoio \u00e0s fam\u00edlias e \u00e0 parentalidade. Estas foram vertidas para o Plano Local de Promo\u00e7\u00e3o e Prote\u00e7\u00e3o dos Direitos das Crian\u00e7as e Jovens de Esposende 2022-2026 e para a Estrat\u00e9gia Local para os Direitos da Crian\u00e7a 2024-2028, incluindo o desenvolvimento e implementa\u00e7\u00e3o de uma resposta especializada, integrada, multidisciplinar e flex\u00edvel de capacita\u00e7\u00e3o para as fam\u00edlias. A materializa\u00e7\u00e3o deste programa consubstancia-se, tamb\u00e9m, como mais um passo no desenvolvimento do processo que se encontra em curso de tornar Esposende uma Cidade Amiga das Crian\u00e7as, reconhecimento a cargo da UNICEF.<\/p>\n\n\n\n<p class=\"wp-block-paragraph\">N\u00e3o obstante algumas entidades do concelho promovam algumas iniciativas neste \u00e2mbito, o seu car\u00e1ter pontual n\u00e3o se compadece com as necessidades das fam\u00edlias, geralmente mais abrangentes e prolongadas no tempo. Imp\u00f5e-se, por isso, um trabalho permanente, sistem\u00e1tico e alargado no que diz respeito a diversas tem\u00e1ticas neste dom\u00ednio, oferta que permita uma abordagem desde o per\u00edodo pr\u00e9-natal at\u00e9 \u00e0 idade adulta.&nbsp;<\/p>\n\n\n\n<p class=\"wp-block-paragraph\">Torna-se tamb\u00e9m necess\u00e1ria uma cultura assente na preven\u00e7\u00e3o prim\u00e1ria dos problemas identificados, de modo a prevenir os seus potenciais danos, apostando numa parentalidade positiva e que atenda \u00e0 multiplicidade de dimens\u00f5es do desenvolvimento humano, tais como os cuidados b\u00e1sicos e de subsist\u00eancia, o apoio social, a sa\u00fade, a educa\u00e7\u00e3o, o desporto, a cultura e o lazer, a seguran\u00e7a e prote\u00e7\u00e3o, entre outras.<\/p>\n\n\n\n<p class=\"wp-block-paragraph\">O programa pretende, assim, assumir-se como uma ferramenta s\u00f3lida para dar resposta a algumas das necessidades identificadas, contribuindo para o alargamento das respostas dispon\u00edveis no concelho em mat\u00e9ria de inf\u00e2ncia, juventude e apoio \u00e0s fam\u00edlias e, mais concretamente, para a exerc\u00edcio de uma parentalidade positiva. Este programa visa, ainda, a rentabiliza\u00e7\u00e3o de recursos, quer humanos, quer log\u00edsticos e materiais, e a n\u00e3o sobreposi\u00e7\u00e3o de respostas, atrav\u00e9s do estreitamento de parcerias; o alargamento dos p\u00fablicos-alvo da interven\u00e7\u00e3o preventiva, nomeadamente atrav\u00e9s de um processo de divulga\u00e7\u00e3o com maior potencial de alcance; e uma maior efici\u00eancia e efic\u00e1cia no processo de gest\u00e3o de informa\u00e7\u00e3o, incluindo no que diz respeito \u00e0 oferta e resultados alcan\u00e7ados.<\/p>\n\n\n\n<p class=\"wp-block-paragraph\">O programa \u201cEducar \u00e9 coisa s\u00e9ria!\u201d, cuja primeira a\u00e7\u00e3o decorre j\u00e1 no pr\u00f3ximo dia 11 de abril, ser\u00e1, assim, constitu\u00eddo por todas as iniciativas da rede de parceiros, nomeadamente da ULS de Barcelos\/Esposende, ASCRA \u2013 Associa\u00e7\u00e3o Social, Cultural e Recreativa de Ap\u00falia, Bombeiros Volunt\u00e1rios de Esposende, Casa do Povo de Ferment\u00f5es (Equipa do Projeto B\u00fassola), CIPES \u2013 Centro de Interven\u00e7\u00e3o Psicol\u00f3gica e Terap\u00eautica, Lda., CPCJ \u2013 Comiss\u00e3o de Prote\u00e7\u00e3o de Crian\u00e7as e Jovens de Esposende, Esposende Solid\u00e1rio \u2013 Associa\u00e7\u00e3o Concelhia para o Desenvolvimento Integrado, GNR \u2013 Guarda Nacional Republicana e do Munic\u00edpio de Esposende, que, atrav\u00e9s do GAFIJ \u2013 Gabinete de Apoio \u00e0 Fam\u00edlia, Inf\u00e2ncia e Juventude, prestar\u00e1 o apoio log\u00edstico e t\u00e9cnico necess\u00e1rio \u00e0s atividades promovidas.<\/p>\n","protected":false},"excerpt":{"rendered":"<p>O Munic\u00edpio de Esposende vai avan\u00e7ar com a implementa\u00e7\u00e3o do Programa de Apoio \u00e0 Inf\u00e2ncia, Juventude e Parentalidade \u201cEducar \u00e9 coisa s\u00e9ria!\u201d, numa perspetiva de promo\u00e7\u00e3o de um concelho cada vez mais coeso, alicer\u00e7ado em n\u00facleos familiares conscientes e respons\u00e1veis. Esta medida decorre de uma car\u00eancia aferida no \u00e2mbito do Diagn\u00f3stico da Realidade Infantojuvenil realizado [&hellip;]<\/p>\n","protected":false},"author":3,"featured_media":461,"comment_status":"open","ping_status":"open","sticky":false,"template":"","format":"standard","meta":{"footnotes":"","jetpack_publicize_message":"","jetpack_publicize_feature_enabled":true,"jetpack_social_post_already_shared":false,"jetpack_social_options":{"image_generator_settings":{"template":"highway","default_image_id":0,"font":"","enabled":false},"version":2}},"categories":[134],"tags":[77,103],"class_list":["post-460","post","type-post","status-publish","format-standard","has-post-thumbnail","category-arquivo","tag-camara-municipal-de-esposende","tag-educar-e-coisa-seria"],"jetpack_publicize_connections":[],"_links":{"self":[{"href":"https:\/\/noticiasdeesposende.pt\/index.php?rest_route=\/wp\/v2\/posts\/460","targetHints":{"allow":["GET"]}}],"collection":[{"href":"https:\/\/noticiasdeesposende.pt\/index.php?rest_route=\/wp\/v2\/posts"}],"about":[{"href":"https:\/\/noticiasdeesposende.pt\/index.php?rest_route=\/wp\/v2\/types\/post"}],"author":[{"embeddable":true,"href":"https:\/\/noticiasdeesposende.pt\/index.php?rest_route=\/wp\/v2\/users\/3"}],"replies":[{"embeddable":true,"href":"https:\/\/noticiasdeesposende.pt\/index.php?rest_route=%2Fwp%2Fv2%2Fcomments&post=460"}],"version-history":[{"count":1,"href":"https:\/\/noticiasdeesposende.pt\/index.php?rest_route=\/wp\/v2\/posts\/460\/revisions"}],"predecessor-version":[{"id":713,"href":"https:\/\/noticiasdeesposende.pt\/index.php?rest_route=\/wp\/v2\/posts\/460\/revisions\/713"}],"wp:attachment":[{"href":"https:\/\/noticiasdeesposende.pt\/index.php?rest_route=%2Fwp%2Fv2%2Fmedia&parent=460"}],"wp:term":[{"taxonomy":"category","embeddable":true,"href":"https:\/\/noticiasdeesposende.pt\/index.php?rest_route=%2Fwp%2Fv2%2Fcategories&post=460"},{"taxonomy":"post_tag","embeddable":true,"href":"https:\/\/noticiasdeesposende.pt\/index.php?rest_route=%2Fwp%2Fv2%2Ftags&post=460"}],"curies":[{"name":"wp","href":"https:\/\/api.w.org\/{rel}","templated":true}]}}