{"id":463,"date":"2025-04-09T13:35:29","date_gmt":"2025-04-09T13:35:29","guid":{"rendered":"https:\/\/noticiasdeesposende.pt\/?p=463"},"modified":"2026-08-25T15:47:28","modified_gmt":"2026-08-25T15:47:28","slug":"175-toneladas-de-residuos-retirados-por-voluntarios-do-litoral-e-zonas-ribeirinhas-de-esposende","status":"publish","type":"post","link":"https:\/\/noticiasdeesposende.pt\/?p=463","title":{"rendered":"1,75 toneladas de res\u00edduos retirados por volunt\u00e1rios do litoral e zonas ribeirinhas de Esposende"},"content":{"rendered":"\n<p class=\"wp-block-paragraph\">No passado fim de semana, duas centenas de volunt\u00e1rios recolheram cerca de 1,75 toneladas de res\u00edduos no litoral e zonas ribeirinhas do concelho de Esposende.<\/p>\n\n\n\n<p class=\"wp-block-paragraph\">Atrav\u00e9s da empresa municipal Esposende Ambiente, o Municipio levou a efeito mais uma a\u00e7\u00e3o de voluntariado ambiental, que incidiu sobre uma extens\u00e3o de cerca de 8,5 quil\u00f3metros de praias, dunas e zonas ribeirinhas, desde a Foz do Rio Neiva at\u00e9 \u00e0 Praia da Ramalha, em Ap\u00falia, abrangendo cerca de 50% do litoral de Esposende.<\/p>\n\n\n\n<p class=\"wp-block-paragraph\">Denominada \u201cDo rio ao mar sem lixo\u201d, esta a\u00e7\u00e3o foi desenvolvida no \u00e2mbito do programa da Bandeira Azul para 2025 e, para al\u00e9m da Esposende Ambiente e da C\u00e2mara Municipal, contou tamb\u00e9m com a colabora\u00e7\u00e3o e participa\u00e7\u00e3o do Parque Natural do Litoral Norte, das Uni\u00f5es de Freguesias Belinho\/Mar, Esposende\/Marinhas\/Gandra, de Ap\u00falia\/F\u00e3o, Junta de Freguesia de Antas, das Associa\u00e7\u00f5es Rio Neiva e AssoBio, dos Agrupamento de Escuteiros de Marinhas, de Mar e de Vila Cova, das escolas de surf e kitesurf do concelho (Slat Flow, GKS Gokiteschool e Ap\u00falia Surf School), da PRORIVER, Atlantic Diving, da Associa\u00e7\u00e3o de Trabalhadores do Munic\u00edpio (ADCRSME), da Associa\u00e7\u00e3o Amigos de S. Louren\u00e7o, do Grupo da Universidade do Minho, do Banco Local de Voluntariado e de v\u00e1rios volunt\u00e1rios que, individualmente, quiseram dar o seu contributo para a melhoria da qualidade das praias do concelho.<\/p>\n\n\n\n<p class=\"wp-block-paragraph\">Devido \u00e0s condi\u00e7\u00f5es climat\u00e9ricas adversas, fruto da depress\u00e3o N\u00faria, tiveram de ser canceladas as a\u00e7\u00f5es de limpeza previstas para o dia 4 de abril, sexta-feira, que contariam com a participa\u00e7\u00e3o de cerca de 650 crian\u00e7as e jovens de estabelecimentos de educa\u00e7\u00e3o e ensino do concelho e extra concelho. As atividades de limpeza ser\u00e3o reagendadas para o 3.\u00ba per\u00edodo letivo, prevendo-se que at\u00e9 in\u00edcio da \u00e9poca balnear envolvam mais de um milhar de alunos.<\/p>\n\n\n\n<p class=\"wp-block-paragraph\">Com estas a\u00e7\u00f5es pretende-se alertar a popula\u00e7\u00e3o para a problem\u00e1tica dos res\u00edduos nas praias e oceanos, reduzir o impacto dos pl\u00e1sticos descart\u00e1veis no ambiente marinho, contribuir para a preserva\u00e7\u00e3o dos habitats abrangidos e fomentar o voluntariado ambiental junto dos mun\u00edcipes.<\/p>\n\n\n\n<figure class=\"wp-block-gallery has-nested-images columns-default is-cropped wp-block-gallery-1 is-layout-flex wp-block-gallery-is-layout-flex\">\n<figure class=\"wp-block-image size-large\"><img decoding=\"async\" data-id=\"468\" src=\"https:\/\/noticiasdeesposende.pt\/wp-content\/uploads\/2025\/04\/recolha-lixo-voluntarios-praias-2.jpg\" alt=\"\" class=\"wp-image-468\"\/><\/figure>\n\n\n\n<figure class=\"wp-block-image size-large\"><img decoding=\"async\" data-id=\"466\" src=\"https:\/\/noticiasdeesposende.pt\/wp-content\/uploads\/2025\/04\/recolha-lixo-voluntarios-praias-3.jpg\" alt=\"\" class=\"wp-image-466\"\/><\/figure>\n\n\n\n<figure class=\"wp-block-image size-large\"><img decoding=\"async\" data-id=\"470\" src=\"https:\/\/noticiasdeesposende.pt\/wp-content\/uploads\/2025\/04\/recolha-lixo-voluntarios-praias-4.jpg\" alt=\"\" class=\"wp-image-470\"\/><\/figure>\n\n\n\n<figure class=\"wp-block-image size-large\"><img decoding=\"async\" data-id=\"467\" src=\"https:\/\/noticiasdeesposende.pt\/wp-content\/uploads\/2025\/04\/recolha-lixo-voluntarios-praias-7.jpg\" alt=\"\" class=\"wp-image-467\"\/><\/figure>\n\n\n\n<figure class=\"wp-block-image size-large\"><img decoding=\"async\" data-id=\"471\" src=\"https:\/\/noticiasdeesposende.pt\/wp-content\/uploads\/2025\/04\/recolha-lixo-voluntarios-praias-8.jpg\" alt=\"\" class=\"wp-image-471\"\/><\/figure>\n\n\n\n<figure class=\"wp-block-image size-large\"><img decoding=\"async\" data-id=\"469\" src=\"https:\/\/noticiasdeesposende.pt\/wp-content\/uploads\/2025\/04\/recolha-lixo-voluntarios-praias-2-1.jpg\" alt=\"\" class=\"wp-image-469\"\/><\/figure>\n\n\n\n<figure class=\"wp-block-image size-large\"><img decoding=\"async\" data-id=\"465\" src=\"https:\/\/noticiasdeesposende.pt\/wp-content\/uploads\/2025\/04\/recolha-lixo-voluntarios-praias-1.jpg\" alt=\"\" class=\"wp-image-465\"\/><\/figure>\n<\/figure>\n","protected":false},"excerpt":{"rendered":"<p>No passado fim de semana, duas centenas de volunt\u00e1rios recolheram cerca de 1,75 toneladas de res\u00edduos no litoral e zonas ribeirinhas do concelho de Esposende. Atrav\u00e9s da empresa municipal Esposende Ambiente, o Municipio levou a efeito mais uma a\u00e7\u00e3o de voluntariado ambiental, que incidiu sobre uma extens\u00e3o de cerca de 8,5 quil\u00f3metros de praias, dunas [&hellip;]<\/p>\n","protected":false},"author":3,"featured_media":464,"comment_status":"open","ping_status":"open","sticky":false,"template":"","format":"standard","meta":{"footnotes":"","jetpack_publicize_message":"","jetpack_publicize_feature_enabled":true,"jetpack_social_post_already_shared":false,"jetpack_social_options":{"image_generator_settings":{"template":"highway","default_image_id":0,"font":"","enabled":false},"version":2}},"categories":[134],"tags":[104,105],"class_list":["post-463","post","type-post","status-publish","format-standard","has-post-thumbnail","category-arquivo","tag-esposende-ambiente","tag-voluntariado"],"jetpack_publicize_connections":[],"_links":{"self":[{"href":"https:\/\/noticiasdeesposende.pt\/index.php?rest_route=\/wp\/v2\/posts\/463","targetHints":{"allow":["GET"]}}],"collection":[{"href":"https:\/\/noticiasdeesposende.pt\/index.php?rest_route=\/wp\/v2\/posts"}],"about":[{"href":"https:\/\/noticiasdeesposende.pt\/index.php?rest_route=\/wp\/v2\/types\/post"}],"author":[{"embeddable":true,"href":"https:\/\/noticiasdeesposende.pt\/index.php?rest_route=\/wp\/v2\/users\/3"}],"replies":[{"embeddable":true,"href":"https:\/\/noticiasdeesposende.pt\/index.php?rest_route=%2Fwp%2Fv2%2Fcomments&post=463"}],"version-history":[{"count":1,"href":"https:\/\/noticiasdeesposende.pt\/index.php?rest_route=\/wp\/v2\/posts\/463\/revisions"}],"predecessor-version":[{"id":712,"href":"https:\/\/noticiasdeesposende.pt\/index.php?rest_route=\/wp\/v2\/posts\/463\/revisions\/712"}],"wp:attachment":[{"href":"https:\/\/noticiasdeesposende.pt\/index.php?rest_route=%2Fwp%2Fv2%2Fmedia&parent=463"}],"wp:term":[{"taxonomy":"category","embeddable":true,"href":"https:\/\/noticiasdeesposende.pt\/index.php?rest_route=%2Fwp%2Fv2%2Fcategories&post=463"},{"taxonomy":"post_tag","embeddable":true,"href":"https:\/\/noticiasdeesposende.pt\/index.php?rest_route=%2Fwp%2Fv2%2Ftags&post=463"}],"curies":[{"name":"wp","href":"https:\/\/api.w.org\/{rel}","templated":true}]}}