{"id":493,"date":"2025-04-11T20:15:52","date_gmt":"2025-04-11T20:15:52","guid":{"rendered":"https:\/\/noticiasdeesposende.pt\/?p=493"},"modified":"2026-08-25T15:47:28","modified_gmt":"2026-08-25T15:47:28","slug":"premio-da-aprh-pela-obra-do-canal-intercetor","status":"publish","type":"post","link":"https:\/\/noticiasdeesposende.pt\/?p=493","title":{"rendered":"Pr\u00e9mio da APRH pela obra do Canal Intercetor"},"content":{"rendered":"\n<p class=\"wp-block-paragraph\">O Presidente da C\u00e2mara Municipal de Esposende, Guilherme Em\u00edlio, recebeu, no Algarve, o pr\u00e9mio atribu\u00eddo pela Associa\u00e7\u00e3o Portuguesa dos Recursos H\u00eddricos (APRH) ao Munic\u00edpio de Esposende, pela obra do Canal Intercetor de Prote\u00e7\u00e3o e Gest\u00e3o de Riscos, Cheias e Inunda\u00e7\u00f5es da cidade de Esposende.<\/p>\n\n\n\n<p class=\"wp-block-paragraph\">A distin\u00e7\u00e3o ocorreu no \u00e2mbito do 17.\u00ba Congresso da \u00c1gua, promovido pela APRH, que decorreu em Lagos, entre 8 e 11 de abril, sob o tema &#8220;A\u00e7\u00e3o Rumo \u00e0 Sustentabilidade&#8221;, com Esposende a ser reconhecido pelo seu compromisso com a inova\u00e7\u00e3o e a boa gest\u00e3o dos recursos h\u00eddricos.<\/p>\n\n\n\n<p class=\"wp-block-paragraph\">Al\u00e9m do Presidente Guilherme Em\u00edlio, tamb\u00e9m o Presidente do Conselho de Administra\u00e7\u00e3o da Esposende Ambiente, Paulo Marques, marcou presen\u00e7a no evento, tendo sido um dos oradores convidados, numa Sess\u00e3o Plen\u00e1ria que contou tamb\u00e9m com as interven\u00e7\u00f5es de Jorge Cardoso Gon\u00e7alves (APRH\/LIS-Water), de Paulo Reis (Vice-Presidente da CM Lagos), de Carlos Carmo (Vereador da CM Loul\u00e9), de Silv\u00e9rio Guerreiro (Ordem dos Engenheiros \u2013 Regi\u00e3o Sul) e de Pedro Coelho (ARH Algarve), sob a modera\u00e7\u00e3o der Manuela Moreira da Silva (APRH\/Universidade do Algarve).<\/p>\n\n\n\n<p class=\"wp-block-paragraph\">Para al\u00e9m da sua interven\u00e7\u00e3o em plen\u00e1rio, a Esposende Ambiente participou ativamente em diversas sess\u00f5es t\u00e9cnicas, com comunica\u00e7\u00f5es centradas em tem\u00e1ticas fundamentais para o futuro da gest\u00e3o da \u00e1gua, nomeadamente: Sustentabilidade e Qualidade de Vida &#8211; A Estrat\u00e9gia da Esposende Ambiente, Projeto \u201cClaro como \u00c1gua\u201d &#8211; A Sensibiliza\u00e7\u00e3o enquanto Ferramenta de Gest\u00e3o dos Recursos H\u00eddricos e Recupera\u00e7\u00e3o de Custos e o Futuro das Tarifas.<\/p>\n\n\n\n<p class=\"wp-block-paragraph\">Estas participa\u00e7\u00f5es evidenciam o trabalho consistente da empresa na promo\u00e7\u00e3o de pol\u00edticas ambientais sustent\u00e1veis, refor\u00e7ando a import\u00e2ncia da educa\u00e7\u00e3o e sensibiliza\u00e7\u00e3o ambiental como ferramentas essenciais para a gest\u00e3o eficiente dos recursos h\u00eddricos e a promo\u00e7\u00e3o da literacia h\u00eddrica junto da popula\u00e7\u00e3o.<\/p>\n\n\n\n<p class=\"wp-block-paragraph\">O 17.\u00ba Congresso da \u00c1gua registou a participa\u00e7\u00e3o de diversas entidades e personalidades de relevo no setor da \u00e1gua, nomeadamente a Ministra do Ambiente e Energia, Maria da Gra\u00e7a Carvalho, e o Presidente da Ag\u00eancia Portuguesa do Ambiente (APA), Jos\u00e9 Pimenta Machado. Neste Congresso discutiram-se temas como pol\u00edticas p\u00fablicas e governan\u00e7a da \u00e1gua, \u00e1gua e gest\u00e3o do territ\u00f3rio, abordagens colaborativas, multidisciplinares e multissetoriais, ci\u00eancia e tecnologia para a inova\u00e7\u00e3o no dom\u00ednio da \u00e1gua, solu\u00e7\u00f5es de base natural.<\/p>\n","protected":false},"excerpt":{"rendered":"<p>O Presidente da C\u00e2mara Municipal de Esposende, Guilherme Em\u00edlio, recebeu, no Algarve, o pr\u00e9mio atribu\u00eddo pela Associa\u00e7\u00e3o Portuguesa dos Recursos H\u00eddricos (APRH) ao Munic\u00edpio de Esposende, pela obra do Canal Intercetor de Prote\u00e7\u00e3o e Gest\u00e3o de Riscos, Cheias e Inunda\u00e7\u00f5es da cidade de Esposende. A distin\u00e7\u00e3o ocorreu no \u00e2mbito do 17.\u00ba Congresso da \u00c1gua, promovido [&hellip;]<\/p>\n","protected":false},"author":3,"featured_media":494,"comment_status":"open","ping_status":"open","sticky":false,"template":"","format":"standard","meta":{"footnotes":"","jetpack_publicize_message":"","jetpack_publicize_feature_enabled":true,"jetpack_social_post_already_shared":true,"jetpack_social_options":{"image_generator_settings":{"template":"highway","default_image_id":0,"font":"","enabled":false},"version":2}},"categories":[134],"tags":[77],"class_list":["post-493","post","type-post","status-publish","format-standard","has-post-thumbnail","category-arquivo","tag-camara-municipal-de-esposende"],"jetpack_publicize_connections":[],"_links":{"self":[{"href":"https:\/\/noticiasdeesposende.pt\/index.php?rest_route=\/wp\/v2\/posts\/493","targetHints":{"allow":["GET"]}}],"collection":[{"href":"https:\/\/noticiasdeesposende.pt\/index.php?rest_route=\/wp\/v2\/posts"}],"about":[{"href":"https:\/\/noticiasdeesposende.pt\/index.php?rest_route=\/wp\/v2\/types\/post"}],"author":[{"embeddable":true,"href":"https:\/\/noticiasdeesposende.pt\/index.php?rest_route=\/wp\/v2\/users\/3"}],"replies":[{"embeddable":true,"href":"https:\/\/noticiasdeesposende.pt\/index.php?rest_route=%2Fwp%2Fv2%2Fcomments&post=493"}],"version-history":[{"count":1,"href":"https:\/\/noticiasdeesposende.pt\/index.php?rest_route=\/wp\/v2\/posts\/493\/revisions"}],"predecessor-version":[{"id":707,"href":"https:\/\/noticiasdeesposende.pt\/index.php?rest_route=\/wp\/v2\/posts\/493\/revisions\/707"}],"wp:attachment":[{"href":"https:\/\/noticiasdeesposende.pt\/index.php?rest_route=%2Fwp%2Fv2%2Fmedia&parent=493"}],"wp:term":[{"taxonomy":"category","embeddable":true,"href":"https:\/\/noticiasdeesposende.pt\/index.php?rest_route=%2Fwp%2Fv2%2Fcategories&post=493"},{"taxonomy":"post_tag","embeddable":true,"href":"https:\/\/noticiasdeesposende.pt\/index.php?rest_route=%2Fwp%2Fv2%2Ftags&post=493"}],"curies":[{"name":"wp","href":"https:\/\/api.w.org\/{rel}","templated":true}]}}