{"id":497,"date":"2025-04-14T18:30:28","date_gmt":"2025-04-14T18:30:28","guid":{"rendered":"https:\/\/noticiasdeesposende.pt\/?p=497"},"modified":"2026-08-25T15:47:28","modified_gmt":"2026-08-25T15:47:28","slug":"cerca-de-902-criancas-nos-projetos-de-educacao-musical-e-de-educacao-fisica-do-municipio","status":"publish","type":"post","link":"https:\/\/noticiasdeesposende.pt\/?p=497","title":{"rendered":"Cerca de 902 crian\u00e7as nos projetos de Educa\u00e7\u00e3o Musical e de Educa\u00e7\u00e3o F\u00edsica do Munic\u00edpio"},"content":{"rendered":"\n<p class=\"wp-block-paragraph\">A medida abrange 550 crian\u00e7as que frequentam os estabelecimentos de Educa\u00e7\u00e3o Pr\u00e9-Escolar da rede p\u00fablica concelhia, com idades entre os 3 e os 5 anos, bem como os 352 alunos do 1.\u00ba ano de escolaridade do 1.\u00ba Ciclo do Ensino B\u00e1sico, que, este ano letivo, foram tamb\u00e9m abrangidos por esta oferta educativa.<\/p>\n\n\n\n<p class=\"wp-block-paragraph\">Os projetos de Educa\u00e7\u00e3o Musical e de Educa\u00e7\u00e3o F\u00edsica s\u00e3o garantidos por via do contrato-programa estabelecido com a Zendensino \u2013 Cooperativa de Ensino, que garante os recursos humanos qualificados para o desenvolvimento destas atividades, em coadjuva\u00e7\u00e3o pedag\u00f3gica com os Educadores de Inf\u00e2ncia e Professores Titulares que asseguram o seu acompanhamento e colaboram na coordena\u00e7\u00e3o pedag\u00f3gica, em articula\u00e7\u00e3o com o Munic\u00edpio.<\/p>\n\n\n\n<p class=\"wp-block-paragraph\">Com a dinamiza\u00e7\u00e3o do Projeto de Educa\u00e7\u00e3o Musical, pretende-se expandir o patrim\u00f3nio sensorial, intelectual e cultural dos alunos, colocando-os em contacto vivo com a m\u00fasica, atrav\u00e9s de pr\u00e1ticas e aprendizagens significativas em torno da audi\u00e7\u00e3o musical ativa, da experimenta\u00e7\u00e3o, de pr\u00e1ticas instrumentais coletivas e da cria\u00e7\u00e3o\/inven\u00e7\u00e3o musical. A abordagem \u00e0 M\u00fasica d\u00e1 continuidade \u00e0s emo\u00e7\u00f5es e afetos vividos nestas experi\u00eancias, contribuindo para o prazer e bem-estar do aluno, valorizando os seus interesses e propostas, no desenvolvimento de uma pr\u00e1tica sistem\u00e1tica e cont\u00ednua direcionada para um desenvolvimento progressivo das compet\u00eancias musicais do aluno e o alargamento do seu quadro de refer\u00eancias art\u00edsticas e culturais.<\/p>\n\n\n\n<p class=\"wp-block-paragraph\">O Projeto de Express\u00e3o F\u00edsica-Motora tem como objetivo o desenvolvimento das capacidades f\u00edsicas e motoras dos alunos, contribuindo para a sensibiliza\u00e7\u00e3o da import\u00e2ncia da pr\u00e1tica desportiva para uma vida saud\u00e1vel. Pretende-se proporcionar aos alunos experi\u00eancias e oportunidades desafiantes e diversificadas, contribuindo para desenvolver a sua consci\u00eancia e dom\u00ednio do corpo, promover estilos de vida saud\u00e1veis e a pr\u00e1tica do exerc\u00edcio f\u00edsico e criar condi\u00e7\u00f5es para a explora\u00e7\u00e3o livre do espa\u00e7o, do movimento e dos materiais. Estes prop\u00f3sitos convergem na vis\u00e3o organizacional do Munic\u00edpio nesta \u00e1rea espec\u00edfica, no sentido de promover o desporto como parte ativa do desenvolvimento sustent\u00e1vel do concelho, promovendo uma maior e melhor qualidade de vida.<\/p>\n\n\n\n<p class=\"wp-block-paragraph\">A Educa\u00e7\u00e3o Musical tem vindo a ser proporcionada \u00e0s crian\u00e7as da Educa\u00e7\u00e3o Pr\u00e9-Escolar da rede p\u00fablica do concelho desde o ano letivo 2006\/2007, ao passo que a Express\u00e3o F\u00edsico-Motora foi implementada no ano letivo 2014\/2015, contribuindo para o desenvolvimento global das crian\u00e7as. Ambos os projetos visam proporcionar a diversifica\u00e7\u00e3o das atividades no \u00e2mbito da educa\u00e7\u00e3o musical e da pr\u00e1tica f\u00edsico-motora na Educa\u00e7\u00e3o Pr\u00e9-Escolar e no 1\u00ba ano de escolaridade do 1\u00ba CEB, promover o trabalho cooperativo entre docentes, contribuindo para o sucesso educativo, ponto fulcral da a\u00e7\u00e3o pedag\u00f3gica.<\/p>\n\n\n\n<p class=\"wp-block-paragraph\">Atrav\u00e9s da promo\u00e7\u00e3o destes projetos, o Munic\u00edpio contribui para o enriquecimento das experi\u00eancias educativas dos alunos e para o seu integral desenvolvimento, atrav\u00e9s do aprofundamento dos conte\u00fados nas \u00e1reas da m\u00fasica e da pr\u00e1tica desportiva.&nbsp;<\/p>\n","protected":false},"excerpt":{"rendered":"<p>A medida abrange 550 crian\u00e7as que frequentam os estabelecimentos de Educa\u00e7\u00e3o Pr\u00e9-Escolar da rede p\u00fablica concelhia, com idades entre os 3 e os 5 anos, bem como os 352 alunos do 1.\u00ba ano de escolaridade do 1.\u00ba Ciclo do Ensino B\u00e1sico, que, este ano letivo, foram tamb\u00e9m abrangidos por esta oferta educativa. Os projetos de [&hellip;]<\/p>\n","protected":false},"author":3,"featured_media":498,"comment_status":"open","ping_status":"open","sticky":false,"template":"","format":"standard","meta":{"footnotes":"","jetpack_publicize_message":"","jetpack_publicize_feature_enabled":true,"jetpack_social_post_already_shared":true,"jetpack_social_options":{"image_generator_settings":{"template":"highway","default_image_id":0,"font":"","enabled":false},"version":2}},"categories":[134],"tags":[77],"class_list":["post-497","post","type-post","status-publish","format-standard","has-post-thumbnail","category-arquivo","tag-camara-municipal-de-esposende"],"jetpack_publicize_connections":[],"_links":{"self":[{"href":"https:\/\/noticiasdeesposende.pt\/index.php?rest_route=\/wp\/v2\/posts\/497","targetHints":{"allow":["GET"]}}],"collection":[{"href":"https:\/\/noticiasdeesposende.pt\/index.php?rest_route=\/wp\/v2\/posts"}],"about":[{"href":"https:\/\/noticiasdeesposende.pt\/index.php?rest_route=\/wp\/v2\/types\/post"}],"author":[{"embeddable":true,"href":"https:\/\/noticiasdeesposende.pt\/index.php?rest_route=\/wp\/v2\/users\/3"}],"replies":[{"embeddable":true,"href":"https:\/\/noticiasdeesposende.pt\/index.php?rest_route=%2Fwp%2Fv2%2Fcomments&post=497"}],"version-history":[{"count":1,"href":"https:\/\/noticiasdeesposende.pt\/index.php?rest_route=\/wp\/v2\/posts\/497\/revisions"}],"predecessor-version":[{"id":706,"href":"https:\/\/noticiasdeesposende.pt\/index.php?rest_route=\/wp\/v2\/posts\/497\/revisions\/706"}],"wp:attachment":[{"href":"https:\/\/noticiasdeesposende.pt\/index.php?rest_route=%2Fwp%2Fv2%2Fmedia&parent=497"}],"wp:term":[{"taxonomy":"category","embeddable":true,"href":"https:\/\/noticiasdeesposende.pt\/index.php?rest_route=%2Fwp%2Fv2%2Fcategories&post=497"},{"taxonomy":"post_tag","embeddable":true,"href":"https:\/\/noticiasdeesposende.pt\/index.php?rest_route=%2Fwp%2Fv2%2Ftags&post=497"}],"curies":[{"name":"wp","href":"https:\/\/api.w.org\/{rel}","templated":true}]}}