{"id":500,"date":"2025-04-14T18:53:50","date_gmt":"2025-04-14T18:53:50","guid":{"rendered":"https:\/\/noticiasdeesposende.pt\/?p=500"},"modified":"2026-08-25T15:47:28","modified_gmt":"2026-08-25T15:47:28","slug":"carlos-gomes-de-sa-tomou-posse-como-novo-presidente-do-conselho-pedagogico-da-zendensino","status":"publish","type":"post","link":"https:\/\/noticiasdeesposende.pt\/?p=500","title":{"rendered":"Carlos Gomes de S\u00e1 tomou posse como novo Presidente do Conselho Pedag\u00f3gico da Zendensino"},"content":{"rendered":"\n<p class=\"wp-block-paragraph\">Na passada sexta-feira, dia 12 de abril, Carlos Gomes de S\u00e1 tomou posse como Presidente do Conselho Pedag\u00f3gico da Zendensino, Cooperativa de Ensino e Interesse P\u00fablico de Responsabilidade Lda. A sess\u00e3o contou com a participa\u00e7\u00e3o de representantes dos colaboradores da Escola Profissional de Esposende e da Escola de M\u00fasica de Esposende, duas escolas afetas \u00e0 Cooperativa.<\/p>\n\n\n\n<p class=\"wp-block-paragraph\">Guilherme Em\u00edlio, Presidente da C\u00e2mara Municipal de Esposende e presidente da Assembleia Geral da Zendensino apresentou as raz\u00f5es da escolha de Carlos Gomes de S\u00e1, destacando o seu percurso profissional, qualidades de gest\u00e3o e humanas, acreditando que, com o compromisso e empenho de todos os colaboradores e cooperantes, ser\u00e1 poss\u00edvel concretizar projetos em curso, como o Centro de Tecnol\u00f3gico (CTE), e continuar a pot\u00eanciar a marca \u201cZendensino\u201d. <\/p>\n\n\n\n<p class=\"wp-block-paragraph\">Tamb\u00e9m presente na cerim\u00f3nia, S\u00e9rgio Lino, presidente da Alfacoop, agradeceu ao anterior presidente e desejou ao agora empossado os maiores sucessos, apontando uma linha de disponibilidade e coopera\u00e7\u00e3o, assumida pelos presentes.<\/p>\n\n\n\n<p class=\"wp-block-paragraph\">Na sua interven\u00e7\u00e3o, Carlos Gomes de S\u00e1 agradeceu a confian\u00e7a depositada e apontou baterias \u00e0 execu\u00e7\u00e3o do projeto do CTE e \u00e0 capta\u00e7\u00e3o de novos alunos para o ensino profissional, &#8220;pois essa \u00e9 a raz\u00e3o de ser da escola&#8221;. Apontou depois algumas linhas de atua\u00e7\u00e3o, desde a procura de novos alunos junto de concelhos vizinhos.<\/p>\n\n\n\n<p class=\"wp-block-paragraph\">O novo presidente, Licenciado em Ensino de Humanidades com especializa\u00e7\u00e3o em \u201cAdministra\u00e7\u00e3o Escolar\u201d e P\u00f3s-gradua\u00e7\u00e3o em \u201cGest\u00e3o aut\u00e1rquica e moderniza\u00e7\u00e3o: os desafios do poder local\u201d, \u00e9 professor do quadro do Agrupamento de Escolas Ant\u00f3nio Correia de Oliveira, em Esposende, sendo que, dos quase 32 anos de carreira, leva 25 de gest\u00e3o escolar. Foi, at\u00e9 h\u00e1 dias, e nos \u00faltimos 18 anos, Diretor do Agrupamento de Escolas de Aver-o-Mar, na P\u00f3voa de Varzim. <\/p>\n","protected":false},"excerpt":{"rendered":"<p>Na passada sexta-feira, dia 12 de abril, Carlos Gomes de S\u00e1 tomou posse como Presidente do Conselho Pedag\u00f3gico da Zendensino, Cooperativa de Ensino e Interesse P\u00fablico de Responsabilidade Lda. A sess\u00e3o contou com a participa\u00e7\u00e3o de representantes dos colaboradores da Escola Profissional de Esposende e da Escola de M\u00fasica de Esposende, duas escolas afetas \u00e0 [&hellip;]<\/p>\n","protected":false},"author":3,"featured_media":501,"comment_status":"open","ping_status":"open","sticky":false,"template":"","format":"standard","meta":{"footnotes":"","jetpack_publicize_message":"","jetpack_publicize_feature_enabled":true,"jetpack_social_post_already_shared":true,"jetpack_social_options":{"image_generator_settings":{"template":"highway","default_image_id":0,"font":"","enabled":false},"version":2}},"categories":[134],"tags":[77,83],"class_list":["post-500","post","type-post","status-publish","format-standard","has-post-thumbnail","category-arquivo","tag-camara-municipal-de-esposende","tag-zendensino"],"jetpack_publicize_connections":[],"_links":{"self":[{"href":"https:\/\/noticiasdeesposende.pt\/index.php?rest_route=\/wp\/v2\/posts\/500","targetHints":{"allow":["GET"]}}],"collection":[{"href":"https:\/\/noticiasdeesposende.pt\/index.php?rest_route=\/wp\/v2\/posts"}],"about":[{"href":"https:\/\/noticiasdeesposende.pt\/index.php?rest_route=\/wp\/v2\/types\/post"}],"author":[{"embeddable":true,"href":"https:\/\/noticiasdeesposende.pt\/index.php?rest_route=\/wp\/v2\/users\/3"}],"replies":[{"embeddable":true,"href":"https:\/\/noticiasdeesposende.pt\/index.php?rest_route=%2Fwp%2Fv2%2Fcomments&post=500"}],"version-history":[{"count":1,"href":"https:\/\/noticiasdeesposende.pt\/index.php?rest_route=\/wp\/v2\/posts\/500\/revisions"}],"predecessor-version":[{"id":705,"href":"https:\/\/noticiasdeesposende.pt\/index.php?rest_route=\/wp\/v2\/posts\/500\/revisions\/705"}],"wp:attachment":[{"href":"https:\/\/noticiasdeesposende.pt\/index.php?rest_route=%2Fwp%2Fv2%2Fmedia&parent=500"}],"wp:term":[{"taxonomy":"category","embeddable":true,"href":"https:\/\/noticiasdeesposende.pt\/index.php?rest_route=%2Fwp%2Fv2%2Fcategories&post=500"},{"taxonomy":"post_tag","embeddable":true,"href":"https:\/\/noticiasdeesposende.pt\/index.php?rest_route=%2Fwp%2Fv2%2Ftags&post=500"}],"curies":[{"name":"wp","href":"https:\/\/api.w.org\/{rel}","templated":true}]}}