{"id":504,"date":"2025-04-18T13:55:45","date_gmt":"2025-04-18T13:55:45","guid":{"rendered":"https:\/\/noticiasdeesposende.pt\/?p=504"},"modified":"2026-08-25T15:47:28","modified_gmt":"2026-08-25T15:47:28","slug":"esposende-ambiente-reforca-infraestruturas-de-saneamento-basico-em-antas-e-gandra","status":"publish","type":"post","link":"https:\/\/noticiasdeesposende.pt\/?p=504","title":{"rendered":"Esposende Ambiente refor\u00e7a infraestruturas de saneamento b\u00e1sico em Antas e Gandra"},"content":{"rendered":"\n<p class=\"wp-block-paragraph\">O Munic\u00edpio de Esposende, atrav\u00e9s da empresa municipal Esposende Ambiente, lan\u00e7ou dois procedimentos de contrata\u00e7\u00e3o p\u00fablica com vista ao refor\u00e7o e qualifica\u00e7\u00e3o das infraestruturas de saneamento b\u00e1sico no concelho, num investimento global que ascende a 415.335,16 euros (valor base, sem IVA).<\/p>\n\n\n\n<p class=\"wp-block-paragraph\">As interven\u00e7\u00f5es incidem nas freguesias de Gandra e Antas. Em Gandra, a empreitada abrange a Rua da Agra, Beco da Agra, Rua do Souto e Rua de Nossa Senhora de F\u00e1tima, incluindo a renova\u00e7\u00e3o das redes de abastecimento de \u00e1gua, a instala\u00e7\u00e3o de sistemas de drenagem de \u00e1guas residuais e melhoria da drenagem de \u00e1guas pluviais, a execu\u00e7\u00e3o de pavimenta\u00e7\u00f5es em cubo de granito e a realiza\u00e7\u00e3o de trabalhos acess\u00f3rios, num investimento de 331.364,76 euros (sem IVA).<\/p>\n\n\n\n<p class=\"wp-block-paragraph\">Na freguesia de Antas, o projeto contempla o arruamento entre a Travessa da Cachada e a Travessa da Cachada de Cima, prevendo a renova\u00e7\u00e3o da rede de abastecimento de \u00e1gua, a execu\u00e7\u00e3o das redes de drenagem de \u00e1guas residuais e melhoria da drenagem de \u00e1guas pluviais, bem como a repavimenta\u00e7\u00e3o da via, com um valor base de 83.970,40 euros (sem IVA).<\/p>\n\n\n\n<p class=\"wp-block-paragraph\">Estas interven\u00e7\u00f5es integram a estrat\u00e9gia municipal de valoriza\u00e7\u00e3o do territ\u00f3rio, de refor\u00e7o da coes\u00e3o e de promo\u00e7\u00e3o da sustentabilidade ambiental, estando plenamente alinhadas com os Objetivos de Desenvolvimento Sustent\u00e1vel (ODS) da Agenda 2030 das Na\u00e7\u00f5es Unidas, com destaque para o ODS 6 \u2013 \u00c1gua Pot\u00e1vel e Saneamento, o ODS 11 \u2013 Cidades e Comunidades Sustent\u00e1veis, e o ODS 13 \u2013 A\u00e7\u00e3o Clim\u00e1tica.<\/p>\n\n\n\n<p class=\"wp-block-paragraph\">Para o Presidente da C\u00e2mara Municipal de Esposende, Guilherme Em\u00edlio, \u201cestas obras refletem o nosso compromisso permanente com a melhoria da qualidade de vida da popula\u00e7\u00e3o e com a gest\u00e3o eficiente e sustent\u00e1vel dos recursos h\u00eddricos. Continuamos a investir na moderniza\u00e7\u00e3o das infraestruturas b\u00e1sicas, promovendo um concelho mais coeso, mais resiliente e ambientalmente respons\u00e1vel.\u201d<\/p>\n\n\n\n<p class=\"wp-block-paragraph\">Tamb\u00e9m o Presidente da Esposende Ambiente, Paulo Marques, sublinha que \u201cestas interven\u00e7\u00f5es constituem mais um passo na concretiza\u00e7\u00e3o da nossa miss\u00e3o de assegurar servi\u00e7os de abastecimento e saneamento com elevados padr\u00f5es de qualidade e fiabilidade, contribuindo para a sa\u00fade p\u00fablica, a sustentabilidade e a valoriza\u00e7\u00e3o do territ\u00f3rio.\u201d<\/p>\n","protected":false},"excerpt":{"rendered":"<p>O Munic\u00edpio de Esposende, atrav\u00e9s da empresa municipal Esposende Ambiente, lan\u00e7ou dois procedimentos de contrata\u00e7\u00e3o p\u00fablica com vista ao refor\u00e7o e qualifica\u00e7\u00e3o das infraestruturas de saneamento b\u00e1sico no concelho, num investimento global que ascende a 415.335,16 euros (valor base, sem IVA). As interven\u00e7\u00f5es incidem nas freguesias de Gandra e Antas. Em Gandra, a empreitada abrange [&hellip;]<\/p>\n","protected":false},"author":3,"featured_media":505,"comment_status":"open","ping_status":"open","sticky":false,"template":"","format":"standard","meta":{"footnotes":"","jetpack_publicize_message":"","jetpack_publicize_feature_enabled":true,"jetpack_social_post_already_shared":true,"jetpack_social_options":{"image_generator_settings":{"template":"highway","default_image_id":0,"font":"","enabled":false},"version":2}},"categories":[134],"tags":[77,104],"class_list":["post-504","post","type-post","status-publish","format-standard","has-post-thumbnail","category-arquivo","tag-camara-municipal-de-esposende","tag-esposende-ambiente"],"jetpack_publicize_connections":[],"_links":{"self":[{"href":"https:\/\/noticiasdeesposende.pt\/index.php?rest_route=\/wp\/v2\/posts\/504","targetHints":{"allow":["GET"]}}],"collection":[{"href":"https:\/\/noticiasdeesposende.pt\/index.php?rest_route=\/wp\/v2\/posts"}],"about":[{"href":"https:\/\/noticiasdeesposende.pt\/index.php?rest_route=\/wp\/v2\/types\/post"}],"author":[{"embeddable":true,"href":"https:\/\/noticiasdeesposende.pt\/index.php?rest_route=\/wp\/v2\/users\/3"}],"replies":[{"embeddable":true,"href":"https:\/\/noticiasdeesposende.pt\/index.php?rest_route=%2Fwp%2Fv2%2Fcomments&post=504"}],"version-history":[{"count":1,"href":"https:\/\/noticiasdeesposende.pt\/index.php?rest_route=\/wp\/v2\/posts\/504\/revisions"}],"predecessor-version":[{"id":704,"href":"https:\/\/noticiasdeesposende.pt\/index.php?rest_route=\/wp\/v2\/posts\/504\/revisions\/704"}],"wp:attachment":[{"href":"https:\/\/noticiasdeesposende.pt\/index.php?rest_route=%2Fwp%2Fv2%2Fmedia&parent=504"}],"wp:term":[{"taxonomy":"category","embeddable":true,"href":"https:\/\/noticiasdeesposende.pt\/index.php?rest_route=%2Fwp%2Fv2%2Fcategories&post=504"},{"taxonomy":"post_tag","embeddable":true,"href":"https:\/\/noticiasdeesposende.pt\/index.php?rest_route=%2Fwp%2Fv2%2Ftags&post=504"}],"curies":[{"name":"wp","href":"https:\/\/api.w.org\/{rel}","templated":true}]}}