{"id":507,"date":"2025-04-18T14:01:40","date_gmt":"2025-04-18T14:01:40","guid":{"rendered":"https:\/\/noticiasdeesposende.pt\/?p=507"},"modified":"2026-08-25T15:47:28","modified_gmt":"2026-08-25T15:47:28","slug":"education-summit-inovacao-e-desafios-no-futuro-da-aprendizagem-contou-com-a-participacao-de-esposende","status":"publish","type":"post","link":"https:\/\/noticiasdeesposende.pt\/?p=507","title":{"rendered":"\u201cEducation Summit: Inova\u00e7\u00e3o e Desafios no Futuro da Aprendizagem\u201d contou com a participa\u00e7\u00e3o de Esposende"},"content":{"rendered":"\n<p class=\"wp-block-paragraph\">O Munic\u00edpio de Esposende participou no \u201cEducation Summit\u201d que decorreu nos dias 10, 11 e 12 de abril, em Guimar\u00e3es. Este evento de refer\u00eancia na \u00e1rea da inova\u00e7\u00e3o educativa reuniu educadores e especialistas, para debater os principais desafios e oportunidades no setor, promovendo o encontro entre vis\u00f5es disruptivas e pr\u00e1ticas inovadoras com o objetivo de transformar a educa\u00e7\u00e3o.<\/p>\n\n\n\n<p class=\"wp-block-paragraph\">A programa\u00e7\u00e3o incluiu confer\u00eancias, workshops tem\u00e1ticos, momentos de networking e um enfoque claro na inova\u00e7\u00e3o educativa, com especial destaque para a transi\u00e7\u00e3o digital e para a forma\u00e7\u00e3o cont\u00ednua de professores. Entre os temas centrais estiveram a transforma\u00e7\u00e3o digital, a integra\u00e7\u00e3o de tecnologias emergentes, as pr\u00e1ticas susten-t\u00e1veis e a inclus\u00e3o social na educa\u00e7\u00e3o.<\/p>\n\n\n\n<p class=\"wp-block-paragraph\">Um dos momentos mais marcantes foi a sess\u00e3o dedicada \u00e0 &#8220;Intelig\u00eancia Artificial na Educa\u00e7\u00e3o&#8221; que abordou as potencialidades da IA na personaliza\u00e7\u00e3o da aprendiza-gem, otimizando recursos educacionais e tornando os ambientes de ensino mais en-volventes e interativos.<\/p>\n\n\n\n<p class=\"wp-block-paragraph\">Outro ponto alto da \u201cEducation Summit\u201d foi a reflex\u00e3o dedicada \u00e0 Neuroci\u00eancia Edu-cacional que proporcionou a identifica\u00e7\u00e3o de novas perspetivas sobre o funciona-mento do c\u00e9rebro durante o processo de aprendizagem, com impacto direto na rede-fini\u00e7\u00e3o de m\u00e9todos pedag\u00f3gicos e na forma de pensar a escola e a sua miss\u00e3o.<\/p>\n\n\n\n<p class=\"wp-block-paragraph\">A Vereadora da Educa\u00e7\u00e3o do Munic\u00edpio de Esposende, Alexandra Vilar, salientou a import\u00e2ncia desta participa\u00e7\u00e3o, \u201cexperi\u00eancia enriquecedora que permitiu a partilha de vis\u00f5es e estrat\u00e9gias entre docentes e especialistas, refor\u00e7ando o compromisso com o sucesso educativo dos alunos e o potencial transformador da a\u00e7\u00e3o pedag\u00f3gi-ca\u201d.<\/p>\n\n\n\n<p class=\"wp-block-paragraph\">Al\u00e9m das sess\u00f5es tem\u00e1ticas, a \u201cEducation Summit\u201d promoveu oportunidades de networking, incentivando a cria\u00e7\u00e3o de parcerias entre institui\u00e7\u00f5es e profissionais da educa\u00e7\u00e3o.<\/p>\n","protected":false},"excerpt":{"rendered":"<p>O Munic\u00edpio de Esposende participou no \u201cEducation Summit\u201d que decorreu nos dias 10, 11 e 12 de abril, em Guimar\u00e3es. Este evento de refer\u00eancia na \u00e1rea da inova\u00e7\u00e3o educativa reuniu educadores e especialistas, para debater os principais desafios e oportunidades no setor, promovendo o encontro entre vis\u00f5es disruptivas e pr\u00e1ticas inovadoras com o objetivo de [&hellip;]<\/p>\n","protected":false},"author":3,"featured_media":508,"comment_status":"open","ping_status":"open","sticky":false,"template":"","format":"standard","meta":{"footnotes":"","jetpack_publicize_message":"","jetpack_publicize_feature_enabled":true,"jetpack_social_post_already_shared":true,"jetpack_social_options":{"image_generator_settings":{"template":"highway","default_image_id":0,"font":"","enabled":false},"version":2}},"categories":[134],"tags":[],"class_list":["post-507","post","type-post","status-publish","format-standard","has-post-thumbnail","category-arquivo"],"jetpack_publicize_connections":[],"_links":{"self":[{"href":"https:\/\/noticiasdeesposende.pt\/index.php?rest_route=\/wp\/v2\/posts\/507","targetHints":{"allow":["GET"]}}],"collection":[{"href":"https:\/\/noticiasdeesposende.pt\/index.php?rest_route=\/wp\/v2\/posts"}],"about":[{"href":"https:\/\/noticiasdeesposende.pt\/index.php?rest_route=\/wp\/v2\/types\/post"}],"author":[{"embeddable":true,"href":"https:\/\/noticiasdeesposende.pt\/index.php?rest_route=\/wp\/v2\/users\/3"}],"replies":[{"embeddable":true,"href":"https:\/\/noticiasdeesposende.pt\/index.php?rest_route=%2Fwp%2Fv2%2Fcomments&post=507"}],"version-history":[{"count":1,"href":"https:\/\/noticiasdeesposende.pt\/index.php?rest_route=\/wp\/v2\/posts\/507\/revisions"}],"predecessor-version":[{"id":703,"href":"https:\/\/noticiasdeesposende.pt\/index.php?rest_route=\/wp\/v2\/posts\/507\/revisions\/703"}],"wp:attachment":[{"href":"https:\/\/noticiasdeesposende.pt\/index.php?rest_route=%2Fwp%2Fv2%2Fmedia&parent=507"}],"wp:term":[{"taxonomy":"category","embeddable":true,"href":"https:\/\/noticiasdeesposende.pt\/index.php?rest_route=%2Fwp%2Fv2%2Fcategories&post=507"},{"taxonomy":"post_tag","embeddable":true,"href":"https:\/\/noticiasdeesposende.pt\/index.php?rest_route=%2Fwp%2Fv2%2Ftags&post=507"}],"curies":[{"name":"wp","href":"https:\/\/api.w.org\/{rel}","templated":true}]}}