{"id":524,"date":"2025-04-24T13:37:37","date_gmt":"2025-04-24T13:37:37","guid":{"rendered":"https:\/\/noticiasdeesposende.pt\/?p=524"},"modified":"2026-08-25T15:47:28","modified_gmt":"2026-08-25T15:47:28","slug":"homem-de-45-anos-detido-por-violencia-domestica","status":"publish","type":"post","link":"https:\/\/noticiasdeesposende.pt\/?p=524","title":{"rendered":"Homem de 45 anos detido por viol\u00eancia dom\u00e9stica"},"content":{"rendered":"\n<p class=\"wp-block-paragraph\">O Comando Territorial de Braga, atrav\u00e9s do atrav\u00e9s do N\u00facleo de Investiga\u00e7\u00e3o e Apoio a V\u00edtimas Especificas (NIAVE)&nbsp;de Braga, no dia 22 de abril, deteve um homem de 45 anos por viol\u00eancia dom\u00e9stica, no concelho de Esposende.<\/p>\n\n\n\n<p class=\"wp-block-paragraph\">No \u00e2mbito de uma investiga\u00e7\u00e3o por viol\u00eancia dom\u00e9stica, os militares da Guarda apuraram que o agressor exercia viol\u00eancia f\u00edsica e psicol\u00f3gica contra a v\u00edtima, sua companheira de 44 anos. No decorrer das dilig\u00eancias policiais, foi dado cumprimento a um mandado de busca domicili\u00e1ria, que culminou na deten\u00e7\u00e3o do suspeito e na apreens\u00e3o de diverso material inform\u00e1tico e tr\u00eas telem\u00f3veis.<\/p>\n\n\n\n<p class=\"wp-block-paragraph\">O detido foi presente no Tribunal Judicial de Esposende, tendo-lhe sido aplicadas, como medidas de coa\u00e7\u00e3o, a imposi\u00e7\u00e3o da medida de afastamento da resid\u00eancia comum; a proibi\u00e7\u00e3o de se aproximar da v\u00edtima, num raio de 250 metros, controlado por\u00a0pulseira eletr\u00f3nica; e a proibi\u00e7\u00e3o de contactar a v\u00edtima por qualquer forma ou meio.<\/p>\n\n\n\n<p class=\"wp-block-paragraph\"><strong>A Guarda Nacional Republicana alerta que a viol\u00eancia dom\u00e9stica \u00e9\u00a0um\u00a0crime p\u00fablico e denunciar\u00a0\u00e9 uma responsabilidade coletiva.<\/strong><\/p>\n\n\n\n<p class=\"wp-block-paragraph\">A GNR realiza regularmente campanhas e a\u00e7\u00f5es de sensibiliza\u00e7\u00e3o sobre o tema da Viol\u00eancia Dom\u00e9stica e relembra que, se precisar de ajuda ou tiver conhecimento de alguma situa\u00e7\u00e3o de viol\u00eancia dom\u00e9stica, participe:<\/p>\n\n\n\n<ul class=\"wp-block-list\">\n<li>No Portal Queixa Eletr\u00f3nica, em\u00a0<a href=\"https:\/\/queixaselectronicas.mai.gov.pt\/\" target=\"_blank\" rel=\"noreferrer noopener\">https:\/\/queixaselectronicas.mai.gov.pt<\/a>;<\/li>\n\n\n\n<li>Via telef\u00f3nica, atrav\u00e9s do n\u00famero europeu de emerg\u00eancia 112;<\/li>\n\n\n\n<li>No Posto da GNR mais pr\u00f3ximo \u00e0 sua \u00e1rea de resid\u00eancia, tendo os nossos contactos sempre \u00e0 m\u00e3o em\u00a0<a href=\"http:\/\/www.gnr.pt\/contactos.aspx\" target=\"_blank\" rel=\"noreferrer noopener\">www.gnr.pt\/contactos.aspx<\/a>;<\/li>\n\n\n\n<li>Na aplica\u00e7\u00e3o App MAI112 dispon\u00edvel e destinada exclusivamente aos cidad\u00e3os surdos, em\u00a0<a href=\"http:\/\/www.112.pt\/Paginas\/Home.aspx\" target=\"_blank\" rel=\"noreferrer noopener\">http:\/\/www.112.pt\/Paginas\/Home.aspx<\/a>;<\/li>\n\n\n\n<li>Na aplica\u00e7\u00e3o SMS Seguran\u00e7a, direcionada a pessoas surdas em\u00a0<a href=\"http:\/\/www.gnr.pt\/MVC_GNR\/Home\/SmsSeguranca\" target=\"_blank\" rel=\"noreferrer noopener\">www.gnr.pt\/MVC_GNR\/Home\/SmsSeguranca<\/a>.<\/li>\n<\/ul>\n","protected":false},"excerpt":{"rendered":"<p>O Comando Territorial de Braga, atrav\u00e9s do atrav\u00e9s do N\u00facleo de Investiga\u00e7\u00e3o e Apoio a V\u00edtimas Especificas (NIAVE)&nbsp;de Braga, no dia 22 de abril, deteve um homem de 45 anos por viol\u00eancia dom\u00e9stica, no concelho de Esposende. No \u00e2mbito de uma investiga\u00e7\u00e3o por viol\u00eancia dom\u00e9stica, os militares da Guarda apuraram que o agressor exercia viol\u00eancia [&hellip;]<\/p>\n","protected":false},"author":3,"featured_media":525,"comment_status":"open","ping_status":"open","sticky":false,"template":"","format":"standard","meta":{"footnotes":"","jetpack_publicize_message":"","jetpack_publicize_feature_enabled":true,"jetpack_social_post_already_shared":true,"jetpack_social_options":{"image_generator_settings":{"template":"highway","default_image_id":0,"font":"","enabled":false},"version":2}},"categories":[134],"tags":[110],"class_list":["post-524","post","type-post","status-publish","format-standard","has-post-thumbnail","category-arquivo","tag-violencia-domestica"],"jetpack_publicize_connections":[],"_links":{"self":[{"href":"https:\/\/noticiasdeesposende.pt\/index.php?rest_route=\/wp\/v2\/posts\/524","targetHints":{"allow":["GET"]}}],"collection":[{"href":"https:\/\/noticiasdeesposende.pt\/index.php?rest_route=\/wp\/v2\/posts"}],"about":[{"href":"https:\/\/noticiasdeesposende.pt\/index.php?rest_route=\/wp\/v2\/types\/post"}],"author":[{"embeddable":true,"href":"https:\/\/noticiasdeesposende.pt\/index.php?rest_route=\/wp\/v2\/users\/3"}],"replies":[{"embeddable":true,"href":"https:\/\/noticiasdeesposende.pt\/index.php?rest_route=%2Fwp%2Fv2%2Fcomments&post=524"}],"version-history":[{"count":1,"href":"https:\/\/noticiasdeesposende.pt\/index.php?rest_route=\/wp\/v2\/posts\/524\/revisions"}],"predecessor-version":[{"id":702,"href":"https:\/\/noticiasdeesposende.pt\/index.php?rest_route=\/wp\/v2\/posts\/524\/revisions\/702"}],"wp:attachment":[{"href":"https:\/\/noticiasdeesposende.pt\/index.php?rest_route=%2Fwp%2Fv2%2Fmedia&parent=524"}],"wp:term":[{"taxonomy":"category","embeddable":true,"href":"https:\/\/noticiasdeesposende.pt\/index.php?rest_route=%2Fwp%2Fv2%2Fcategories&post=524"},{"taxonomy":"post_tag","embeddable":true,"href":"https:\/\/noticiasdeesposende.pt\/index.php?rest_route=%2Fwp%2Fv2%2Ftags&post=524"}],"curies":[{"name":"wp","href":"https:\/\/api.w.org\/{rel}","templated":true}]}}