{"id":527,"date":"2025-04-24T13:49:02","date_gmt":"2025-04-24T13:49:02","guid":{"rendered":"https:\/\/noticiasdeesposende.pt\/?p=527"},"modified":"2026-08-25T15:47:28","modified_gmt":"2026-08-25T15:47:28","slug":"anonimos-de-abril-em-destaque-na-programacao-viver-abril-em-esposende","status":"publish","type":"post","link":"https:\/\/noticiasdeesposende.pt\/?p=527","title":{"rendered":"\u201cAn\u00f3nimos de Abril\u201d em destaque na programa\u00e7\u00e3o VIVER ABRIL em Esposende"},"content":{"rendered":"\n<p class=\"wp-block-paragraph\">Integrado na programa\u00e7\u00e3o das comemora\u00e7\u00f5es do 25 de Abril, Esposende vai acolher, no pr\u00f3ximo s\u00e1bado, dia 26, dois assinal\u00e1veis momentos culturais: a apresenta\u00e7\u00e3o do livro e o espet\u00e1culo \u201cAn\u00f3nimos de Abril\u201d.<\/p>\n\n\n\n<p class=\"wp-block-paragraph\">O projeto \u201cAn\u00f3nimos de Abril\u201d conta com a edi\u00e7\u00e3o de um disco e de um livro, lan\u00e7ados em mar\u00e7o deste ano. Para al\u00e9m das letras das oito can\u00e7\u00f5es, o livro apresenta os textos que as enquadram e contam as hist\u00f3rias que estiveram na sua origem, da autoria de Jos\u00e9 Fialho Gouveia, Aurora Rodrigues (com relato na primeira pessoa) e do jornalista Miguel Carvalho.<\/p>\n\n\n\n<p class=\"wp-block-paragraph\">A sess\u00e3o de apresenta\u00e7\u00e3o do livro decorrer\u00e1 \u00e0s 15h30, na Biblioteca Municipal Manuel de Boaventura, com a presen\u00e7a de Carlos Vaz Marques (editora Zigurate), Rog\u00e9rio Charraz e Jos\u00e9 Fialho Gouveia (coautores do projeto).<\/p>\n\n\n\n<p class=\"wp-block-paragraph\">O espet\u00e1culo sobe a palco \u00e0s 21h30, no Audit\u00f3rio Municipal de Esposende, e apresenta can\u00e7\u00f5es originais e in\u00e9ditas que procuram registar na mem\u00f3ria coletiva o nome de mulheres e homens que tiveram a coragem e a ousadia de enfrentar e fragilizar o regime que durante 48 anos oprimiu os portugueses.&nbsp; No espet\u00e1culo, cada um dos protagonistas tem direito a uma can\u00e7\u00e3o inspirada na sua hist\u00f3ria, que \u00e9 apresentada pelo narrador Jos\u00e9 Fialho Gouveia, e ilustrada pelas imagens de arquivo projetadas, de cada um dos homenageados e alguns registos de Alfredo Cunha, do dia 25 de Abril de 1974. No final, espa\u00e7o ainda para um medley de temas de autores emblem\u00e1ticos como Fausto, S\u00e9rgio Godinho, Adriano Correia de Oliveira e o incontorn\u00e1vel \u201cGr\u00e2ndola, Vila Morena\u201d, de Jos\u00e9 Afonso.<\/p>\n\n\n\n<p class=\"wp-block-paragraph\">A sess\u00e3o de apresenta\u00e7\u00e3o do livro tem entrada livre, sujeita \u00e0 lota\u00e7\u00e3o do espa\u00e7o. Os bilhetes para o espet\u00e1culo est\u00e3o dispon\u00edveis na bilheteira online da Esposende 2000 e no atendimento das Piscinas Foz do C\u00e1vado.<\/p>\n\n\n\n<p class=\"wp-block-paragraph\">O programa comemorativo do 25 de abril arranca j\u00e1 esta quinta-feira, dia 24, \u00e0s 19h00, com a apresenta\u00e7\u00e3o da Cantata &#8220;Vozes da Liberdade, Vozes do Mundo&#8221;, no Audit\u00f3rio Municipal de Esposende. Trata-se de um projeto musical criado pelos alunos da turma 9.\u00ba MD da Escola B\u00e1sica Ant\u00f3nio Rodrigues Sampaio, que aborda os Direitos Humanos e a import\u00e2ncia da Liberdade, da igualdade e do respeito entre todos. Com dire\u00e7\u00e3o musical de Filipe Barros, a Cantata ser\u00e1 interpretada por v\u00e1rios alunos de outras turmas, que decidiram juntar-se para este espet\u00e1culo. A entrada \u00e9 livre, mas carece de reserva de lugar atrav\u00e9s da Esposende 2000.<\/p>\n\n\n\n<p class=\"wp-block-paragraph\">Em estreia nacional, o Audit\u00f3rio Municipal acolhe nos dias 24 e 25, \u00e0s 21h30, o filme \u201cCamarada Cunhal\u201d.&nbsp;<em>Julho de 1956. \u00c1lvaro Cunhal chega ao Forte de Peniche e \u00e9 colocado na mais moderna e segura ala penitenci\u00e1ria, considerada \u00e0 prova de fuga. Apesar do apertado controlo exercido sobre os presos, \u00c1lvaro e os camaradas conseguem organizar uma pequena comuna e dar apoio aos detidos mais vulner\u00e1reis, enquanto procuram uma forma de escapar.<\/em><\/p>\n\n\n\n<p class=\"wp-block-paragraph\">No Dia da Liberdade, 25 de Abril, decorrer\u00e1 o momento simb\u00f3lico do hastear das bandeiras, na Pra\u00e7a do Munic\u00edpio, com a participa\u00e7\u00e3o do Quarteto de Trombones da Banda de M\u00fasica de Belinho.<\/p>\n\n\n\n<p class=\"wp-block-paragraph\">A encerrar o programa comemorativo, a Casa da M\u00fasica de Antas acolhe, no dia 27, domingo, \u00e0s 11h00, mais uma sess\u00e3o do ciclo \u201cConcertos em Fam\u00edlia\u201d.&nbsp; Protagonizado pelo Quarteto Vocal EME, o concerto \u201cA Viver Abril\u201d apresenta uma homenagem \u00e0 m\u00fasica portuguesa que marcou o per\u00edodo do 25 de Abril e a Revolu\u00e7\u00e3o dos Cravos. Com um repert\u00f3rio cuidadosamente escolhido, o quarteto revive as can\u00e7\u00f5es que ecoaram nas ruas e nos cora\u00e7\u00f5es de um povo e a sonoridade da sua pr\u00f3pria identidade. Atrav\u00e9s de interpreta\u00e7\u00f5es emotivas e da harmonia vocal, quase ecoando o poder das vozes clamando por liberdade, o p\u00fablico \u00e9 transportado para momentos hist\u00f3ricos, relembrando a for\u00e7a de uma identidade que nos define a todos, a esperan\u00e7a e a coragem. Cada acorde \u00e9 uma ponte entre o passado e o presente, celebrando o poder da m\u00fasica como instrumento de mudan\u00e7a e mem\u00f3ria coletiva.<\/p>\n\n\n\n<p class=\"wp-block-paragraph\">A rubrica \u201cConcertos em Fam\u00edlia\u201d tem a curadoria da Escola de M\u00fasica de Esposende, contando com a interpreta\u00e7\u00e3o e coment\u00e1rios de docentes desta institui\u00e7\u00e3o de ensino art\u00edstico. Neste concerto, com entrada livre mas sujeita \u00e0 lota\u00e7\u00e3o do espa\u00e7o, os coment\u00e1rios estar\u00e3o a cargo de Henriqueta Fernandes.<\/p>\n\n\n\n<p class=\"wp-block-paragraph\"><\/p>\n","protected":false},"excerpt":{"rendered":"<p>Integrado na programa\u00e7\u00e3o das comemora\u00e7\u00f5es do 25 de Abril, Esposende vai acolher, no pr\u00f3ximo s\u00e1bado, dia 26, dois assinal\u00e1veis momentos culturais: a apresenta\u00e7\u00e3o do livro e o espet\u00e1culo \u201cAn\u00f3nimos de Abril\u201d. O projeto \u201cAn\u00f3nimos de Abril\u201d conta com a edi\u00e7\u00e3o de um disco e de um livro, lan\u00e7ados em mar\u00e7o deste ano. Para al\u00e9m das [&hellip;]<\/p>\n","protected":false},"author":3,"featured_media":528,"comment_status":"open","ping_status":"open","sticky":false,"template":"","format":"standard","meta":{"footnotes":"","jetpack_publicize_message":"","jetpack_publicize_feature_enabled":true,"jetpack_social_post_already_shared":true,"jetpack_social_options":{"image_generator_settings":{"template":"highway","default_image_id":0,"font":"","enabled":false},"version":2}},"categories":[134],"tags":[77],"class_list":["post-527","post","type-post","status-publish","format-standard","has-post-thumbnail","category-arquivo","tag-camara-municipal-de-esposende"],"jetpack_publicize_connections":[],"_links":{"self":[{"href":"https:\/\/noticiasdeesposende.pt\/index.php?rest_route=\/wp\/v2\/posts\/527","targetHints":{"allow":["GET"]}}],"collection":[{"href":"https:\/\/noticiasdeesposende.pt\/index.php?rest_route=\/wp\/v2\/posts"}],"about":[{"href":"https:\/\/noticiasdeesposende.pt\/index.php?rest_route=\/wp\/v2\/types\/post"}],"author":[{"embeddable":true,"href":"https:\/\/noticiasdeesposende.pt\/index.php?rest_route=\/wp\/v2\/users\/3"}],"replies":[{"embeddable":true,"href":"https:\/\/noticiasdeesposende.pt\/index.php?rest_route=%2Fwp%2Fv2%2Fcomments&post=527"}],"version-history":[{"count":1,"href":"https:\/\/noticiasdeesposende.pt\/index.php?rest_route=\/wp\/v2\/posts\/527\/revisions"}],"predecessor-version":[{"id":701,"href":"https:\/\/noticiasdeesposende.pt\/index.php?rest_route=\/wp\/v2\/posts\/527\/revisions\/701"}],"wp:attachment":[{"href":"https:\/\/noticiasdeesposende.pt\/index.php?rest_route=%2Fwp%2Fv2%2Fmedia&parent=527"}],"wp:term":[{"taxonomy":"category","embeddable":true,"href":"https:\/\/noticiasdeesposende.pt\/index.php?rest_route=%2Fwp%2Fv2%2Fcategories&post=527"},{"taxonomy":"post_tag","embeddable":true,"href":"https:\/\/noticiasdeesposende.pt\/index.php?rest_route=%2Fwp%2Fv2%2Ftags&post=527"}],"curies":[{"name":"wp","href":"https:\/\/api.w.org\/{rel}","templated":true}]}}