{"id":541,"date":"2025-05-01T11:15:14","date_gmt":"2025-05-01T11:15:14","guid":{"rendered":"https:\/\/noticiasdeesposende.pt\/20250501\/loja-assaltada-em-esposende-durante-a-noite\/"},"modified":"2026-08-25T15:46:44","modified_gmt":"2026-08-25T15:46:44","slug":"loja-assaltada-em-esposende-durante-a-noite","status":"publish","type":"post","link":"https:\/\/noticiasdeesposende.pt\/?p=541","title":{"rendered":"Loja assaltada em Esposende durante a noite"},"content":{"rendered":"\n<p class=\"p1 wp-block-paragraph\">Esta noite, cerca das 3:20 da madrugada, 3 indiv\u00edduos assaltaram a loja de roupa \u201cForte\u201d, situada na Rua 1\u00b0 de Dezembro, conhecida como rua direita de Esposende.<\/p>\n\n\n\n<p class=\"p1 wp-block-paragraph\">Segundo informa\u00e7\u00e3o recolhida, alegadamente 3 homens partiram o vidro da montra, levando v\u00e1rias malas de marca, entre outros bens.<\/p>\n\n\n\n<p class=\"p1 wp-block-paragraph\">De acordo com populares, os assaltantes ter\u00e3o depois fugido numa carrinha de cor branca, conduzida por uma mulher, que seguiu aparentemente em dire\u00e7\u00e3o a F\u00e3o.<\/p>\n\n\n\n<figure class=\"wp-block-image alignwide size-large\"><img decoding=\"async\" src=\"https:\/\/noticiasdeesposende.pt\/wp-content\/uploads\/2025\/05\/5969b9d0-a247-4f42-835e-c0063b6724da-1-1024x732.jpg\" alt=\"\" class=\"wp-image-540\"\/><\/figure>\n","protected":false},"excerpt":{"rendered":"<p>Esta noite, cerca das 3:20 da madrugada, 3 indiv\u00edduos assaltaram a loja de roupa \u201cForte\u201d, situada na Rua 1\u00b0 de Dezembro, conhecida como rua direita de Esposende. Segundo informa\u00e7\u00e3o recolhida, alegadamente 3 homens partiram o vidro da montra, levando v\u00e1rias malas de marca, entre outros bens. De acordo com populares, os assaltantes ter\u00e3o depois fugido [&hellip;]<\/p>\n","protected":false},"author":3,"featured_media":539,"comment_status":"open","ping_status":"open","sticky":false,"template":"","format":"standard","meta":{"footnotes":"","jetpack_publicize_message":"","jetpack_publicize_feature_enabled":true,"jetpack_social_post_already_shared":true,"jetpack_social_options":{"image_generator_settings":{"template":"highway","default_image_id":0,"font":"","enabled":false},"version":2}},"categories":[134],"tags":[],"class_list":["post-541","post","type-post","status-publish","format-standard","has-post-thumbnail","category-arquivo"],"jetpack_publicize_connections":[],"_links":{"self":[{"href":"https:\/\/noticiasdeesposende.pt\/index.php?rest_route=\/wp\/v2\/posts\/541","targetHints":{"allow":["GET"]}}],"collection":[{"href":"https:\/\/noticiasdeesposende.pt\/index.php?rest_route=\/wp\/v2\/posts"}],"about":[{"href":"https:\/\/noticiasdeesposende.pt\/index.php?rest_route=\/wp\/v2\/types\/post"}],"author":[{"embeddable":true,"href":"https:\/\/noticiasdeesposende.pt\/index.php?rest_route=\/wp\/v2\/users\/3"}],"replies":[{"embeddable":true,"href":"https:\/\/noticiasdeesposende.pt\/index.php?rest_route=%2Fwp%2Fv2%2Fcomments&post=541"}],"version-history":[{"count":1,"href":"https:\/\/noticiasdeesposende.pt\/index.php?rest_route=\/wp\/v2\/posts\/541\/revisions"}],"predecessor-version":[{"id":698,"href":"https:\/\/noticiasdeesposende.pt\/index.php?rest_route=\/wp\/v2\/posts\/541\/revisions\/698"}],"wp:attachment":[{"href":"https:\/\/noticiasdeesposende.pt\/index.php?rest_route=%2Fwp%2Fv2%2Fmedia&parent=541"}],"wp:term":[{"taxonomy":"category","embeddable":true,"href":"https:\/\/noticiasdeesposende.pt\/index.php?rest_route=%2Fwp%2Fv2%2Fcategories&post=541"},{"taxonomy":"post_tag","embeddable":true,"href":"https:\/\/noticiasdeesposende.pt\/index.php?rest_route=%2Fwp%2Fv2%2Ftags&post=541"}],"curies":[{"name":"wp","href":"https:\/\/api.w.org\/{rel}","templated":true}]}}