{"id":546,"date":"2025-05-02T16:30:49","date_gmt":"2025-05-02T16:30:49","guid":{"rendered":"https:\/\/noticiasdeesposende.pt\/?p=546"},"modified":"2026-08-25T15:46:44","modified_gmt":"2026-08-25T15:46:44","slug":"camara-apoia-associacoes-de-protecao-animal","status":"publish","type":"post","link":"https:\/\/noticiasdeesposende.pt\/?p=546","title":{"rendered":"C\u00e2mara apoia Associa\u00e7\u00f5es de prote\u00e7\u00e3o animal"},"content":{"rendered":"\n<p class=\"wp-block-paragraph\">No \u00e2mbito do Plano Estrat\u00e9gico para o Bem-Estar Animal, o Munic\u00edpio de Esposende atribuiu um apoio financeiro de 5.000 euros a cada uma das principais associa\u00e7\u00f5es de prote\u00e7\u00e3o animal do concelho: a ANIESP (Associa\u00e7\u00e3o Animal de Esposende) e a APACE (Associa\u00e7\u00e3o Protetora dos Animais do Concelho de Esposende). Estes apoios visam refor\u00e7ar o trabalho que estas entidades desenvolvem na defesa e cuidado dos animais errantes e abandonados, em estreita colabora\u00e7\u00e3o com os servi\u00e7os municipais.<\/p>\n\n\n\n<p class=\"wp-block-paragraph\">Os protocolos de colabora\u00e7\u00e3o vigentes t\u00eam como principais objetivos a promo\u00e7\u00e3o da ado\u00e7\u00e3o dos animais recolhidos pelo Gabinete de Prote\u00e7\u00e3o Animal e Veterin\u00e1ria (GPAV), o apoio \u00e0 execu\u00e7\u00e3o do programa CED &#8211; Captura, Esteriliza\u00e7\u00e3o e Devolu\u00e7\u00e3o &#8211; para controlo da popula\u00e7\u00e3o felina, bem como o desenvolvimento de a\u00e7\u00f5es de sensibiliza\u00e7\u00e3o da comunidade para a import\u00e2ncia da ado\u00e7\u00e3o respons\u00e1vel e da preven\u00e7\u00e3o do abandono.<\/p>\n\n\n\n<p class=\"wp-block-paragraph\">Em 2024, os resultados deste plano municipal refletem um esfor\u00e7o consistente no terreno. Atrav\u00e9s da parceria com o Centro de Recolha Oficial do Alto Minho, foi poss\u00edvel promover a ado\u00e7\u00e3o de 107 animais (72 c\u00e3es e 35 gatos), proporcionando-lhes uma nova oportunidade de vida. No mesmo per\u00edodo, ao abrigo do protocolo \u201cSOS Animal\u201d, desenvolvido em colabora\u00e7\u00e3o com os Bombeiros Volunt\u00e1rios de F\u00e3o, foram prestados cuidados m\u00e9dico-veterin\u00e1rios a 21 animais errantes, feridos ou atropelados.<\/p>\n\n\n\n<p class=\"wp-block-paragraph\">O Munic\u00edpio destaca ainda a interven\u00e7\u00e3o de 153 gatos no \u00e2mbito do programa CED, uma medida fundamental para o controlo \u00e9tico da popula\u00e7\u00e3o felina sem dono. No que diz respeito \u00e0 sa\u00fade e seguran\u00e7a animal, foram vacinados 326 c\u00e3es e aplicados 133 microchips, no cumprimento da legisla\u00e7\u00e3o em vigor e no refor\u00e7o da prote\u00e7\u00e3o animal.<\/p>\n\n\n\n<p class=\"wp-block-paragraph\">Estas a\u00e7\u00f5es refletem o empenho da C\u00e2mara Municipal de Esposende em promover pol\u00edticas p\u00fablicas eficazes na \u00e1rea do bem-estar animal, contando com o envolvimento das associa\u00e7\u00f5es locais, dos servi\u00e7os veterin\u00e1rios e da comunidade. O objetivo comum \u00e9 claro: construir um concelho mais solid\u00e1rio, respons\u00e1vel e amigo dos animais.<\/p>\n","protected":false},"excerpt":{"rendered":"<p>No \u00e2mbito do Plano Estrat\u00e9gico para o Bem-Estar Animal, o Munic\u00edpio de Esposende atribuiu um apoio financeiro de 5.000 euros a cada uma das principais associa\u00e7\u00f5es de prote\u00e7\u00e3o animal do concelho: a ANIESP (Associa\u00e7\u00e3o Animal de Esposende) e a APACE (Associa\u00e7\u00e3o Protetora dos Animais do Concelho de Esposende). Estes apoios visam refor\u00e7ar o trabalho que [&hellip;]<\/p>\n","protected":false},"author":3,"featured_media":547,"comment_status":"open","ping_status":"open","sticky":false,"template":"","format":"standard","meta":{"footnotes":"","jetpack_publicize_message":"","jetpack_publicize_feature_enabled":true,"jetpack_social_post_already_shared":true,"jetpack_social_options":{"image_generator_settings":{"template":"highway","default_image_id":0,"font":"","enabled":false},"version":2}},"categories":[134],"tags":[115,116,117,77],"class_list":["post-546","post","type-post","status-publish","format-standard","has-post-thumbnail","category-arquivo","tag-aniesp","tag-apace","tag-bem-estar-animal","tag-camara-municipal-de-esposende"],"jetpack_publicize_connections":[],"_links":{"self":[{"href":"https:\/\/noticiasdeesposende.pt\/index.php?rest_route=\/wp\/v2\/posts\/546","targetHints":{"allow":["GET"]}}],"collection":[{"href":"https:\/\/noticiasdeesposende.pt\/index.php?rest_route=\/wp\/v2\/posts"}],"about":[{"href":"https:\/\/noticiasdeesposende.pt\/index.php?rest_route=\/wp\/v2\/types\/post"}],"author":[{"embeddable":true,"href":"https:\/\/noticiasdeesposende.pt\/index.php?rest_route=\/wp\/v2\/users\/3"}],"replies":[{"embeddable":true,"href":"https:\/\/noticiasdeesposende.pt\/index.php?rest_route=%2Fwp%2Fv2%2Fcomments&post=546"}],"version-history":[{"count":1,"href":"https:\/\/noticiasdeesposende.pt\/index.php?rest_route=\/wp\/v2\/posts\/546\/revisions"}],"predecessor-version":[{"id":697,"href":"https:\/\/noticiasdeesposende.pt\/index.php?rest_route=\/wp\/v2\/posts\/546\/revisions\/697"}],"wp:attachment":[{"href":"https:\/\/noticiasdeesposende.pt\/index.php?rest_route=%2Fwp%2Fv2%2Fmedia&parent=546"}],"wp:term":[{"taxonomy":"category","embeddable":true,"href":"https:\/\/noticiasdeesposende.pt\/index.php?rest_route=%2Fwp%2Fv2%2Fcategories&post=546"},{"taxonomy":"post_tag","embeddable":true,"href":"https:\/\/noticiasdeesposende.pt\/index.php?rest_route=%2Fwp%2Fv2%2Ftags&post=546"}],"curies":[{"name":"wp","href":"https:\/\/api.w.org\/{rel}","templated":true}]}}