{"id":557,"date":"2025-05-08T14:50:45","date_gmt":"2025-05-08T14:50:45","guid":{"rendered":"https:\/\/noticiasdeesposende.pt\/?p=557"},"modified":"2026-08-25T15:46:44","modified_gmt":"2026-08-25T15:46:44","slug":"mais-de-1-milhao-de-euros-para-rede-de-aguas-e-saneamento-de-palmeira-de-faro","status":"publish","type":"post","link":"https:\/\/noticiasdeesposende.pt\/?p=557","title":{"rendered":"Mais de 1 milh\u00e3o de euros para rede de \u00e1guas e saneamento de Palmeira de Faro"},"content":{"rendered":"\n<p class=\"wp-block-paragraph\">O Munic\u00edpio de Esposende, atrav\u00e9s da empresa municipal Esposende Ambiente, lan\u00e7ou, esta semana, um procedimento de contrata\u00e7\u00e3o p\u00fablica, com o objetivo de melhorar as infraestruturas de abastecimento de \u00e1gua e de saneamento b\u00e1sico no concelho. O investimento global \u00e9 de 1.176.175,51 euros (sem IVA) e incidir\u00e1 na freguesia de Palmeira de Faro.<\/p>\n\n\n\n<p class=\"wp-block-paragraph\">\u201cA empreitada refor\u00e7a o compromisso do Munic\u00edpio de Esposende com a sustentabilidade ambiental, com a qualidade de vida das popula\u00e7\u00f5es, com a coes\u00e3o territorial e com a gest\u00e3o eficiente e sustent\u00e1vel dos recursos h\u00eddricos\u201d, refere o presidente da C\u00e2mara Municipal de Esposende, Guilherme Em\u00edlio, para quem a \u201cmoderniza\u00e7\u00e3o das infraestruturas b\u00e1sicas insere-se na pol\u00edtica ambientalmente respons\u00e1vel, definida pelo Munic\u00edpio de Esposende\u201d.<\/p>\n\n\n\n<p class=\"wp-block-paragraph\">A interven\u00e7\u00e3o, prevista para Palmeira de Faro, contempla a reabilita\u00e7\u00e3o da rede de abastecimento de \u00e1gua, a instala\u00e7\u00e3o de saneamento b\u00e1sico, a rede de drenagem de \u00e1guas pluviais, assim como a pavimenta\u00e7\u00f5es e arranjos urban\u00edsticos. Abrangendo a Rua 13 de Maio e arruamentos adjacentes, numa extens\u00e3o total de 650 metros.<\/p>\n\n\n\n<figure class=\"wp-block-image alignwide size-full\"><img decoding=\"async\" src=\"https:\/\/noticiasdeesposende.pt\/wp-content\/uploads\/2025\/05\/2025-05-08-Palmeira-Faro-aguas-e-saneamento-PLANTA.jpg\" alt=\"\" class=\"wp-image-558\"\/><\/figure>\n","protected":false},"excerpt":{"rendered":"<p>O Munic\u00edpio de Esposende, atrav\u00e9s da empresa municipal Esposende Ambiente, lan\u00e7ou, esta semana, um procedimento de contrata\u00e7\u00e3o p\u00fablica, com o objetivo de melhorar as infraestruturas de abastecimento de \u00e1gua e de saneamento b\u00e1sico no concelho. O investimento global \u00e9 de 1.176.175,51 euros (sem IVA) e incidir\u00e1 na freguesia de Palmeira de Faro. \u201cA empreitada refor\u00e7a [&hellip;]<\/p>\n","protected":false},"author":3,"featured_media":559,"comment_status":"open","ping_status":"open","sticky":false,"template":"","format":"standard","meta":{"footnotes":"","jetpack_publicize_message":"","jetpack_publicize_feature_enabled":true,"jetpack_social_post_already_shared":true,"jetpack_social_options":{"image_generator_settings":{"template":"highway","default_image_id":0,"font":"","enabled":false},"version":2}},"categories":[134],"tags":[77],"class_list":["post-557","post","type-post","status-publish","format-standard","has-post-thumbnail","category-arquivo","tag-camara-municipal-de-esposende"],"jetpack_publicize_connections":[],"_links":{"self":[{"href":"https:\/\/noticiasdeesposende.pt\/index.php?rest_route=\/wp\/v2\/posts\/557","targetHints":{"allow":["GET"]}}],"collection":[{"href":"https:\/\/noticiasdeesposende.pt\/index.php?rest_route=\/wp\/v2\/posts"}],"about":[{"href":"https:\/\/noticiasdeesposende.pt\/index.php?rest_route=\/wp\/v2\/types\/post"}],"author":[{"embeddable":true,"href":"https:\/\/noticiasdeesposende.pt\/index.php?rest_route=\/wp\/v2\/users\/3"}],"replies":[{"embeddable":true,"href":"https:\/\/noticiasdeesposende.pt\/index.php?rest_route=%2Fwp%2Fv2%2Fcomments&post=557"}],"version-history":[{"count":1,"href":"https:\/\/noticiasdeesposende.pt\/index.php?rest_route=\/wp\/v2\/posts\/557\/revisions"}],"predecessor-version":[{"id":695,"href":"https:\/\/noticiasdeesposende.pt\/index.php?rest_route=\/wp\/v2\/posts\/557\/revisions\/695"}],"wp:attachment":[{"href":"https:\/\/noticiasdeesposende.pt\/index.php?rest_route=%2Fwp%2Fv2%2Fmedia&parent=557"}],"wp:term":[{"taxonomy":"category","embeddable":true,"href":"https:\/\/noticiasdeesposende.pt\/index.php?rest_route=%2Fwp%2Fv2%2Fcategories&post=557"},{"taxonomy":"post_tag","embeddable":true,"href":"https:\/\/noticiasdeesposende.pt\/index.php?rest_route=%2Fwp%2Fv2%2Ftags&post=557"}],"curies":[{"name":"wp","href":"https:\/\/api.w.org\/{rel}","templated":true}]}}