{"id":563,"date":"2025-05-09T17:02:58","date_gmt":"2025-05-09T17:02:58","guid":{"rendered":"https:\/\/noticiasdeesposende.pt\/20250509\/raio-atinge-habitacao-em-s-paio-de-antas\/"},"modified":"2026-08-25T15:46:44","modified_gmt":"2026-08-25T15:46:44","slug":"raio-atinge-habitacao-em-s-paio-de-antas","status":"publish","type":"post","link":"https:\/\/noticiasdeesposende.pt\/?p=563","title":{"rendered":"Raio atinge habita\u00e7\u00e3o em S. Paio de Antas"},"content":{"rendered":"\n<p class=\"wp-block-paragraph\">Um raio atingiu, est\u00e1 manh\u00e3, uma habita\u00e7\u00e3o na rua Foz do Neiva, em S. Paio de Antas, com o alerta a ser dado \u00e0s 11h41 para a central do Corpo de Bombeiros Volunt\u00e1rios de Esposende. <\/p>\n\n\n\n<p class=\"wp-block-paragraph\">Na sequ\u00eancia da queda do raio, que provocou danos comsider\u00e1veis na estrututa da habita\u00e7\u00e3o, ocorreu ainda um inc\u00eandio na cobetura, combatido pela equipa dos bombeiros volunt\u00e1rios de Esposende, destacada para a ocorr\u00eancia. <\/p>\n\n\n\n<p class=\"wp-block-paragraph\">No interior da habita\u00e7\u00e3o estavam dois idosos, que n\u00e3o sofreram qualquer ferimento, sendo assistidos pela equipa de pr\u00e9-hospitalar dos bombeiros, sendo depois deslocados em casa de familiares. <\/p>\n\n\n\n<p class=\"wp-block-paragraph\">Para o local foram ativados 9 bombeiros apoiados por 3 viaturas, o Servi\u00e7o Municipal de Prote\u00e7\u00e3o Civil de Esposende e a GNR.<\/p>\n\n\n\n<figure class=\"wp-block-image alignwide size-large\"><img decoding=\"async\" src=\"https:\/\/noticiasdeesposende.pt\/wp-content\/uploads\/2025\/05\/e642d6b1-cc17-4907-ba88-e6a9f5c48ebc-1-1024x473.jpg\" class=\"wp-image-561\"\/><\/figure>\n","protected":false},"excerpt":{"rendered":"<p>Um raio atingiu, est\u00e1 manh\u00e3, uma habita\u00e7\u00e3o na rua Foz do Neiva, em S. Paio de Antas, com o alerta a ser dado \u00e0s 11h41 para a central do Corpo de Bombeiros Volunt\u00e1rios de Esposende. Na sequ\u00eancia da queda do raio, que provocou danos comsider\u00e1veis na estrututa da habita\u00e7\u00e3o, ocorreu ainda um inc\u00eandio na cobetura, [&hellip;]<\/p>\n","protected":false},"author":3,"featured_media":562,"comment_status":"open","ping_status":"open","sticky":false,"template":"","format":"standard","meta":{"footnotes":"","jetpack_publicize_message":"","jetpack_publicize_feature_enabled":true,"jetpack_social_post_already_shared":true,"jetpack_social_options":{"image_generator_settings":{"template":"highway","default_image_id":0,"font":"","enabled":false},"version":2}},"categories":[134],"tags":[],"class_list":["post-563","post","type-post","status-publish","format-standard","has-post-thumbnail","category-arquivo"],"jetpack_publicize_connections":[],"_links":{"self":[{"href":"https:\/\/noticiasdeesposende.pt\/index.php?rest_route=\/wp\/v2\/posts\/563","targetHints":{"allow":["GET"]}}],"collection":[{"href":"https:\/\/noticiasdeesposende.pt\/index.php?rest_route=\/wp\/v2\/posts"}],"about":[{"href":"https:\/\/noticiasdeesposende.pt\/index.php?rest_route=\/wp\/v2\/types\/post"}],"author":[{"embeddable":true,"href":"https:\/\/noticiasdeesposende.pt\/index.php?rest_route=\/wp\/v2\/users\/3"}],"replies":[{"embeddable":true,"href":"https:\/\/noticiasdeesposende.pt\/index.php?rest_route=%2Fwp%2Fv2%2Fcomments&post=563"}],"version-history":[{"count":1,"href":"https:\/\/noticiasdeesposende.pt\/index.php?rest_route=\/wp\/v2\/posts\/563\/revisions"}],"predecessor-version":[{"id":694,"href":"https:\/\/noticiasdeesposende.pt\/index.php?rest_route=\/wp\/v2\/posts\/563\/revisions\/694"}],"wp:attachment":[{"href":"https:\/\/noticiasdeesposende.pt\/index.php?rest_route=%2Fwp%2Fv2%2Fmedia&parent=563"}],"wp:term":[{"taxonomy":"category","embeddable":true,"href":"https:\/\/noticiasdeesposende.pt\/index.php?rest_route=%2Fwp%2Fv2%2Fcategories&post=563"},{"taxonomy":"post_tag","embeddable":true,"href":"https:\/\/noticiasdeesposende.pt\/index.php?rest_route=%2Fwp%2Fv2%2Ftags&post=563"}],"curies":[{"name":"wp","href":"https:\/\/api.w.org\/{rel}","templated":true}]}}